{"id":180088,"date":"2025-06-10T19:28:12","date_gmt":"2025-06-10T19:28:12","guid":{"rendered":"https:\/\/www.europesays.com\/de\/180088\/"},"modified":"2025-06-10T19:28:12","modified_gmt":"2025-06-10T19:28:12","slug":"merz-wirft-russland-schwerste-kriegsverbrechen-in-der-ukraine-vor","status":"publish","type":"post","link":"https:\/\/www.europesays.com\/de\/180088\/","title":{"rendered":"Merz wirft Russland \u201eschwerste Kriegsverbrechen\u201c in der Ukraine vor"},"content":{"rendered":"<p class=\"text_ohne_einzug richtext text-em-55 !leading-serif mx-6 desktop:mx-0\"><a href=\"https:\/\/rp-online.de\/thema\/russland\/\" target=\"_blank\" rel=\"noopener\">Russland<\/a> habe in den vergangenen Tagen mit zahlreichen Drohnen und Marschflugk\u00f6rpern \u201egezielt und r\u00fccksichtslos\u201c die Zivilbev\u00f6lkerung der <a href=\"https:\/\/rp-online.de\/thema\/ukraine\/\" target=\"_blank\" rel=\"noopener\">Ukraine<\/a> attackiert, sagte Merz am Dienstag bei einer gemeinsamen Pressekonferenz mit dem niederl\u00e4ndischen Ministerpr\u00e4sidenten Dick Schoof in Berlin. Die massiven russischen Angriffe seien \u201eTerror gegen die Zivilbev\u00f6lkerung\u201c und \u201ealles andere als eine verh\u00e4ltnism\u00e4\u00dfige Antwort\u201c auf die \u201esehr pr\u00e4zisen\u201c ukrainischen Angriffe auf russische Milit\u00e4rflugh\u00e4fen, f\u00fcgte der Kanzler hinzu.<\/p>\n","protected":false},"excerpt":{"rendered":"Russland habe in den vergangenen Tagen mit zahlreichen Drohnen und Marschflugk\u00f6rpern \u201egezielt und r\u00fccksichtslos\u201c die Zivilbev\u00f6lkerung der Ukraine&hellip;\n","protected":false},"author":2,"featured_media":180089,"comment_status":"","ping_status":"","sticky":false,"template":"","format":"standard","meta":{"footnotes":""},"categories":[4012],"tags":[331,332,19533,1479,775,13,5793,7226,14,15,22066,307,12,60677,9182,317,28408],"class_list":{"0":"post-180088","1":"post","2":"type-post","3":"status-publish","4":"format-standard","5":"has-post-thumbnail","7":"category-ukraine","8":"tag-aktuelle-nachrichten","9":"tag-aktuelle-news","10":"tag-angriffe","11":"tag-drohnenangriff","12":"tag-friedrich-merz","13":"tag-headlines","14":"tag-kiew","15":"tag-kriegsverbrechen","16":"tag-nachrichten","17":"tag-news","18":"tag-russische","19":"tag-russland","20":"tag-schlagzeilen","21":"tag-schwerste","22":"tag-staedte","23":"tag-ukraine","24":"tag-ukrainische"},"share_on_mastodon":{"url":"https:\/\/pubeurope.com\/@de\/114660724578826573","error":""},"_links":{"self":[{"href":"https:\/\/www.europesays.com\/de\/wp-json\/wp\/v2\/posts\/180088","targetHints":{"allow":["GET"]}}],"collection":[{"href":"https:\/\/www.europesays.com\/de\/wp-json\/wp\/v2\/posts"}],"about":[{"href":"https:\/\/www.europesays.com\/de\/wp-json\/wp\/v2\/types\/post"}],"author":[{"embeddable":true,"href":"https:\/\/www.europesays.com\/de\/wp-json\/wp\/v2\/users\/2"}],"replies":[{"embeddable":true,"href":"https:\/\/www.europesays.com\/de\/wp-json\/wp\/v2\/comments?post=180088"}],"version-history":[{"count":0,"href":"https:\/\/www.europesays.com\/de\/wp-json\/wp\/v2\/posts\/180088\/revisions"}],"wp:featuredmedia":[{"embeddable":true,"href":"https:\/\/www.europesays.com\/de\/wp-json\/wp\/v2\/media\/180089"}],"wp:attachment":[{"href":"https:\/\/www.europesays.com\/de\/wp-json\/wp\/v2\/media?parent=180088"}],"wp:term":[{"taxonomy":"category","embeddable":true,"href":"https:\/\/www.europesays.com\/de\/wp-json\/wp\/v2\/categories?post=180088"},{"taxonomy":"post_tag","embeddable":true,"href":"https:\/\/www.europesays.com\/de\/wp-json\/wp\/v2\/tags?post=180088"}],"curies":[{"name":"wp","href":"https:\/\/api.w.org\/{rel}","templated":true}]}}