{"id":180096,"date":"2025-06-10T19:33:18","date_gmt":"2025-06-10T19:33:18","guid":{"rendered":"https:\/\/www.europesays.com\/de\/180096\/"},"modified":"2025-06-10T19:33:18","modified_gmt":"2025-06-10T19:33:18","slug":"boersegeschichte-10-6-frauenthal-post-cpi-europe-peter-lennkh-boerse-geschichte-boersegeschichte-2","status":"publish","type":"post","link":"https:\/\/www.europesays.com\/de\/180096\/","title":{"rendered":"B\u00f6rsegeschichte 10.6.: Frauenthal, Post, CPI Europe, Peter Lennkh (B\u00f6rse Geschichte) (B\u00f6rseGeschichte)"},"content":{"rendered":"<p>  10.06.2025,<br \/>\n    792 Zeichen<br \/>\n<br clear=\"all\"\/><\/p>\n<p><strong>IPOs:<\/strong><br \/>10.06.1991: <strong>Frauenthal:<\/strong> Frauenthal mit IPO in Wien. Emissionserl\u00f6s war 0,13 Mrd. ATS. <\/p>\n<p><strong>Geburtstage:<\/strong><br \/>10.06.1963: <strong><a href=\"http:\/\/www.boerse-social.com\/persons\/peter_lennkh\" class=\"person_link\" title=\"Peter Lennkh (RBI) im Personen-Verzeichnis\" target=\"_blank\" rel=\"noopener\"> Peter Lennkh<\/a><\/strong> (Ex-Vorstand, Raiffeisen International Bank Holding AG)<\/p>\n<p><strong>over MA200:<\/strong><br \/>10.06.2013: <strong>\u00d6sterreichische Post:<\/strong> Am l\u00e4ngsten \u00fcber MA200: 543 Tage (endete am: 10.06.2013)<a class=\"hide_from_pdf\" href=\"https:\/\/boerse-social.com\/calendar\/atx\/10.06.2013\" target=\"_blank\" rel=\"noopener\"> zum Kalender<\/a><\/p>\n<p><strong>under MA200:<\/strong><br \/>10.06.2009: <strong>CPI Europe AG:<\/strong> Am l\u00e4ngsten unter MA200: 366 Tage (endete am: 10.06.2009)<\/p>\n<p>Bisher gab es an einem <strong>10. Juni 22 Handelstage<\/strong> im ATX TR, einiges ist auch auf Samstag\/Sonntag gefallen. Die <strong>ATX TR-Durchschnittsperformance<\/strong> am 10.06. betr\u00e4gt <strong>-0,14%<\/strong>. Der beste 10.06. fand im Jahr 2010 mit <strong>3,04% <\/strong>statt, der schlechteste 10.06. im Jahr 2022 mit <strong>-3,30%<\/strong>. Im Vorjahr lag der ATX TR am 10.06. so: <strong>0,00%<\/strong>.<\/p>\n<p>(Der Input von B\u00f6rse Geschichte f\u00fcr den <a href=\"http:\/\/www.boerse-social.com\/gabb \" target=\"_blank\" rel=\"noopener\">http:\/\/www.boerse-social.com\/gabb<\/a> vom 10.06.)<\/p>\n<p>(10.06.2025)<\/p>\n<p>\n BSN Podcasts\n<\/p>\n<p><a href=\"https:\/\/audio-cd.at\/page\/podcast\/7418\/\" style=\"text-decoration:none;line-height:1px;font-size:14px;color:#333\" target=\"_blank\" rel=\"noopener\"><br \/>\n      <b>Christian Drastil: Wiener B\u00f6rse Plausch<\/b><br \/>\n      <img decoding=\"async\" src=\"https:\/\/www.europesays.com\/de\/wp-content\/uploads\/2025\/06\/1749579142_925_100.jpeg\" style=\"width:50px; float:left;margin-right:10px;margin-top:2px\"\/><\/p>\n<p style=\"font-size:14px;margin-bottom:0;font-weight:normal;margin-top:6px;line-height:13px\">kapitalmarkt-stimme.at daily voice 161\/365: Challenge WEB-IPO vs. existing Streubesitz, Anfrage Klaus Mader (Tuesday Tipp Third Party)\n        <\/p>\n<p>      <\/a><\/p>\n<p>\u00a0<\/p>\n<p>    <br clear=\"all\"\/><br \/>\n        Bildnachweis<\/p>\n<p style=\"font-size:12px;margin-bottom:8px\">\n          1.<br \/>\n          mind the #gabb<\/p>\n<p><a href=\"https:\/\/boerse-social.com\/radar\/10.06.2025\" target=\"_blank\" rel=\"noopener\"><\/p>\n<p><b style=\"color:#333\">Aktien auf dem Radar:<\/b>Palfinger, Uniqa, AT&amp;S, Semperit, RHI Magnesita, EuroTeleSites AG, UBM, DO&amp;CO, SBO, Verbund, \u00d6sterreichische Post, Pierer Mobility, Rosgix, Addiko Bank, Hutter &amp; Schrantz Stahlbau, Strabag, BKS Bank Stamm, Flughafen Wien, Oberbank AG Stamm, Amag, Bawag, Mayr-Melnhof, RBI, Rosenbauer, VIG.\n    <\/p>\n<p><\/a> <\/p>\n<p>  <a href=\"https:\/\/boerse-social.com\/partner\" target=\"_blank\" rel=\"noopener\">Random Partner<\/a><\/p>\n<p>            <a href=\"https:\/\/www.addiko.com\/de\/\" target=\"_blank\" style=\"border:0\" rel=\"noopener\"><br \/>\n                <img decoding=\"async\" src=\"https:\/\/www.europesays.com\/de\/wp-content\/uploads\/2025\/05\/1748420594_482_200.jpeg\" style=\"width:100px;\"\/><br \/>\n            <\/a><\/p>\n<p class=\"content\">\n            <a href=\"https:\/\/www.addiko.com\/de\/\" target=\"_blank\" rel=\"noopener\"><b style=\"font-weight:500;border-bottom:1px dotted #999\">Addiko Group<\/b><\/a><br \/>Die Addiko Gruppe besteht aus der Addiko Bank AG, der \u00f6sterreichischen Mutterbank mit Sitz in Wien (\u00d6sterreich), die an der Wiener B\u00f6rse notiert und sechs Tochterbanken, die in f\u00fcnf CSEE-L\u00e4ndern registriert, konzessioniert und t\u00e4tig sind: Kroatien, Slowenien, Bosnien &amp; Herzegowina (wo die Addiko Gruppe zwei Banken betreibt), Serbien und Montenegro.\n        <\/p>\n<p style=\"padding-left:8px\">&gt;&gt; Besuchen Sie 60 weitere Partner auf <a href=\"http:\/\/boerse-social.com\/partner\" style=\"border-bottom:1px dotted #999\" target=\"_blank\" rel=\"noopener\">boerse-social.com\/partner<\/a><\/p>\n<p><br clear=\"all\"\/><\/p>\n<p>    \u00a0Latest Blogs<\/p>\n<p style=\"font-size:13px;margin-bottom:5px\">\n        <a href=\"https:\/\/boerse-social.com\/2025\/06\/10\/osterreich-depots_vorsprung_auf_benchmark_ausgebaut_depot_kommentar\" target=\"_blank\" rel=\"noopener\"><br \/>\n          \u00bb \u00d6sterreich-Depots: Vorsprung auf Benchmark ausgebaut (Depot Kommentar)<br \/>\n        <\/a>\n      <\/p>\n<p style=\"font-size:13px;margin-bottom:5px\">\n        <a href=\"https:\/\/boerse-social.com\/2025\/06\/10\/borsegeschichte_106_frauenthal_post_cpi_europe_peter_lennkh_borse_geschichte_borsegeschichte\" target=\"_blank\" rel=\"noopener\"><br \/>\n          \u00bb B\u00f6rsegeschichte 10.6.: Frauenthal, Post, CPI Europe, Peter Lennkh (B\u00f6rse&#8230;<br \/>\n        <\/a>\n      <\/p>\n<p style=\"font-size:13px;margin-bottom:5px\">\n        <a href=\"https:\/\/boerse-social.com\/2025\/06\/10\/nachlese_schrecksekunde_vor_dem_zfa-award_audio_cdat\" target=\"_blank\" rel=\"noopener\"><br \/>\n          \u00bb Nachlese: Schrecksekunde vor dem ZFA-Award (audio cd.at)<br \/>\n        <\/a>\n      <\/p>\n<p style=\"font-size:13px;margin-bottom:5px\">\n        <a href=\"https:\/\/boerse-social.com\/2025\/06\/10\/pir-news_auftrag_fur_kontron_do_co_nennt_dividendenhohe_research_zu_ubm_christine_petzwinkler\" target=\"_blank\" rel=\"noopener\"><br \/>\n          \u00bb PIR-News: Auftrag f\u00fcr Kontron, DO &amp; CO nennt Dividendenh\u00f6he, Research zu&#8230;<br \/>\n        <\/a>\n      <\/p>\n<p style=\"font-size:13px;margin-bottom:5px\">\n        <a href=\"https:\/\/boerse-social.com\/2025\/06\/10\/_christian_drastil_64\" target=\"_blank\" rel=\"noopener\"><br \/>\n          \u00bb  (Christian Drastil)<br \/>\n        <\/a>\n      <\/p>\n<p style=\"font-size:13px;margin-bottom:5px\">\n        <a href=\"https:\/\/boerse-social.com\/2025\/06\/10\/wiener_borse_party_921_atx_seit_einem_monat_in_extrem_engem_korridor_heute_frequentis_und_doco_gesucht\" target=\"_blank\" rel=\"noopener\"><br \/>\n          \u00bb Wiener B\u00f6rse Party #921: ATX seit einem Monat in extrem engem Korridor, &#8230;<br \/>\n        <\/a>\n      <\/p>\n<p style=\"font-size:13px;margin-bottom:5px\">\n        <a href=\"https:\/\/boerse-social.com\/2025\/06\/10\/wiener_borse_zu_mittag_leichter_frequentis_doco_und_flughafen_wien_gesucht\" target=\"_blank\" rel=\"noopener\"><br \/>\n          \u00bb Wiener B\u00f6rse zu Mittag leichter: Frequentis, Do&amp;Co und Flughafen Wien ge&#8230;<br \/>\n        <\/a>\n      <\/p>\n<p style=\"font-size:13px;margin-bottom:5px\">\n        <a href=\"https:\/\/boerse-social.com\/2025\/06\/10\/atx-trends_ats_strabag_porr_vig_uniqa\" target=\"_blank\" rel=\"noopener\"><br \/>\n          \u00bb ATX-Trends: AT&amp;S, Strabag, Porr, VIG, Uniqa &#8230;<br \/>\n        <\/a>\n      <\/p>\n<p style=\"font-size:13px;margin-bottom:5px\">\n        <a href=\"https:\/\/boerse-social.com\/2025\/06\/09\/osterreich-depots_verbund_wieder_deutlich_aufgestockt_depot_kommentar\" target=\"_blank\" rel=\"noopener\"><br \/>\n          \u00bb \u00d6sterreich-Depots: Verbund wieder deutlich aufgestockt (Depot Kommentar)<br \/>\n        <\/a>\n      <\/p>\n<p style=\"font-size:13px;margin-bottom:5px\">\n        <a href=\"https:\/\/boerse-social.com\/2025\/06\/09\/borsegeschichte_96_bitte_wieder_so_wie_2010_borse_geschichte_borsegeschichte\" target=\"_blank\" rel=\"noopener\"><br \/>\n          \u00bb B\u00f6rsegeschichte 9.6.: Bitte wieder so wie 2010 (B\u00f6rse Geschichte) (B\u00f6rse&#8230;<br \/>\n        <\/a>\n      <\/p>\n<p><\/p>\n","protected":false},"excerpt":{"rendered":"10.06.2025, 792 Zeichen IPOs:10.06.1991: Frauenthal: Frauenthal mit IPO in Wien. Emissionserl\u00f6s war 0,13 Mrd. ATS. Geburtstage:10.06.1963: Peter Lennkh&hellip;\n","protected":false},"author":2,"featured_media":38339,"comment_status":"","ping_status":"","sticky":false,"template":"","format":"standard","meta":{"footnotes":""},"categories":[3933],"tags":[331,332,18103,2294,60398,548,663,158,3934,3935,60401,60396,60399,13,60403,984,60397,60395,60400,46834,14,15,7253,60402,12,6296],"class_list":{"0":"post-180096","1":"post","2":"type-post","3":"status-publish","4":"format-standard","5":"has-post-thumbnail","7":"category-eu","8":"tag-aktuelle-nachrichten","9":"tag-aktuelle-news","10":"tag-ats","11":"tag-bank","12":"tag-emissionserloumls","13":"tag-eu","14":"tag-europa","15":"tag-europaeische-union","16":"tag-europe","17":"tag-european-union","18":"tag-ex-vorstand","19":"tag-frauenthal","20":"tag-geburtstage10-06-1963","21":"tag-headlines","22":"tag-holding","23":"tag-international","24":"tag-ipo","25":"tag-ipos10-06-1991","26":"tag-lennkh","27":"tag-mrd","28":"tag-nachrichten","29":"tag-news","30":"tag-peter","31":"tag-raiffeisen","32":"tag-schlagzeilen","33":"tag-wien"},"share_on_mastodon":{"url":"https:\/\/pubeurope.com\/@de\/114660744196960100","error":""},"_links":{"self":[{"href":"https:\/\/www.europesays.com\/de\/wp-json\/wp\/v2\/posts\/180096","targetHints":{"allow":["GET"]}}],"collection":[{"href":"https:\/\/www.europesays.com\/de\/wp-json\/wp\/v2\/posts"}],"about":[{"href":"https:\/\/www.europesays.com\/de\/wp-json\/wp\/v2\/types\/post"}],"author":[{"embeddable":true,"href":"https:\/\/www.europesays.com\/de\/wp-json\/wp\/v2\/users\/2"}],"replies":[{"embeddable":true,"href":"https:\/\/www.europesays.com\/de\/wp-json\/wp\/v2\/comments?post=180096"}],"version-history":[{"count":0,"href":"https:\/\/www.europesays.com\/de\/wp-json\/wp\/v2\/posts\/180096\/revisions"}],"wp:featuredmedia":[{"embeddable":true,"href":"https:\/\/www.europesays.com\/de\/wp-json\/wp\/v2\/media\/38339"}],"wp:attachment":[{"href":"https:\/\/www.europesays.com\/de\/wp-json\/wp\/v2\/media?parent=180096"}],"wp:term":[{"taxonomy":"category","embeddable":true,"href":"https:\/\/www.europesays.com\/de\/wp-json\/wp\/v2\/categories?post=180096"},{"taxonomy":"post_tag","embeddable":true,"href":"https:\/\/www.europesays.com\/de\/wp-json\/wp\/v2\/tags?post=180096"}],"curies":[{"name":"wp","href":"https:\/\/api.w.org\/{rel}","templated":true}]}}