{"id":180099,"date":"2025-06-10T19:36:11","date_gmt":"2025-06-10T19:36:11","guid":{"rendered":"https:\/\/www.europesays.com\/de\/180099\/"},"modified":"2025-06-10T19:36:11","modified_gmt":"2025-06-10T19:36:11","slug":"polizeigewerkschaft-attackiert-polizeibeauftragten-kein-problem-mit-rechtssicherheit","status":"publish","type":"post","link":"https:\/\/www.europesays.com\/de\/180099\/","title":{"rendered":"Polizeigewerkschaft attackiert Polizeibeauftragten: \u201eKein Problem mit Rechtssicherheit\u201c"},"content":{"rendered":"<p>Die Deutsche Polizeigewerkschaft geht auf Distanz zum Polizeibeauftragten des Bundes, Uli Gr\u00f6tsch. In einem Schreiben kritisiert sie dessen Aussagen zur angeblich fehlenden Rechtssicherheit bei Grenzkontrollen. Die Gewerkschaft fordert stattdessen mehr Einsatz f\u00fcr bessere Arbeitsbedingungen innerhalb der Bundespolizei.<\/p>\n<p class=\"is-first-paragraph\" data-external=\"Article.FirstParagraph\">In dem Schreiben an den SPD-Politiker Gr\u00f6tsch, das WELT exklusiv vorliegt, kritisiert der stellvertretende Bundesvorsitzende der Deutschen  Polizeigewerkschaft (DPolG), Manuel Ostermann, dessen Aussagen zur fehlenden Rechtssicherheit bei Zur\u00fcckweisungen an der Grenze. <\/p>\n<p>In dem Brief vom 9. Juni schreibt Ostermann von \u201everwundertem Interesse\u201c angesichts Gr\u00f6tschs Forderung nach mehr Rechtssicherheit. Die Aussage, Exekutive und Judikative widerspr\u00e4chen sich, sei \u201efehlgeleitet\u201c. Die Kolleginnen und Kollegen w\u00fcrden nicht unter Unsicherheit leiden. \u201eZun\u00e4chst besteht in der Hauptsache keinerlei Rechtsunsicherheit, da es hier keine Rechtsprechung gibt\u201c, schreibt  Ostermann. Ma\u00dfgeblich seien demnach das nationale Recht und die Weisungslage des Bundesinnenministers, so der Polizeigewerkschafter. Gr\u00f6tschs \u00f6ffentlichen \u00c4u\u00dferungen k\u00f6nnten ein \u201everzerrtes Bild zwischen tats\u00e4chlichen Gegebenheiten und rhetorisch \u00fcberspitzten Debatten\u201c erzeugen und schlimmstenfalls \u201erechtswidrige polizeiliche Ma\u00dfnahmen\u201c suggerieren.<\/p>\n<p>Anstatt Verunsicherung zu sch\u00fcren, solle der Polizeibeauftragte aus Sicht der DPolG konkrete Missst\u00e4nde adressieren. Ostermann listet in seinem Schreiben mehrere Themen auf, um die sich der Polizeibeauftragte des Bundes dringender besch\u00e4ftigen sollte. Darunter die ausstehende Umsetzung des Bundesverfassungsgerichtsurteils zur Alimentation der Beamten und die fehlende \u00dcbertragung des Tarifergebnisses, die schleppende Einf\u00fchrung des Tasers als Hilfsmittel der k\u00f6rperlichen Gewalt sowie unzumutbare Unterbringungsbedingungen bei Gro\u00dfeins\u00e4tzen f\u00fcr Bereitschaftspolizisten der Bundespolizei. Hier liege echter Handlungsbedarf, schreibt Ostermann.<\/p>\n<p class=\"c-inline-teaser-list__headline\">Lesen Sie auch<\/p>\n<ul class=\"c-inline-teaser-list__content\">\n<li class=\"c-inline-teaser-list__element\">\n<p>Weltplus ArtikelMigrationswende<\/p>\n<\/li>\n<\/ul>\n<p><a class=\"is-link c-block-items__link is-external c-link--rich-text-renderer\" href=\"https:\/\/rp-online.de\/info\/consent\/\" title=\"(Link wird in einem neuen Tab ge\u00f6ffnet)\" rel=\"nofollow noopener\" data-internal-tracking-enabled=\"true\" data-internal-tracking=\"{&quot;action&quot;:&quot;click&quot;,&quot;label&quot;:&quot;link&quot;,&quot;name&quot;:&quot;Inline Element&quot;,&quot;data&quot;:{&quot;source&quot;:&quot;&quot;,&quot;target&quot;:&quot;https:\/\/rp-online.de\/info\/consent\/&quot;,&quot;trackingName&quot;:&quot;&quot;,&quot;trackingLabel&quot;:&quot;&quot;}}\" target=\"_blank\">Gr\u00f6tsch hatte in einem Interview mit der Rheinischen Post<\/a> im Zusammenhang mit den Grenzkrontrollen vor einem gef\u00e4hrlichen Spannungsverh\u00e4ltnis zwischen Exekutive und Judikative gewarnt. Hintergrund ist ein <a class=\"is-link c-block-items__link is-external c-link--rich-text-renderer\" href=\"https:\/\/www.welt.de\/politik\/deutschland\/article256214612\/migration-das-geht-zu-weit-berliner-verwaltungsrichter-berichten-von-drohungen.html\" title=\"(Link wird in einem neuen Tab ge\u00f6ffnet)\" rel=\"nofollow noopener\" data-internal-tracking-enabled=\"true\" data-internal-tracking=\"{&quot;action&quot;:&quot;click&quot;,&quot;label&quot;:&quot;link&quot;,&quot;name&quot;:&quot;Inline Element&quot;,&quot;data&quot;:{&quot;source&quot;:&quot;&quot;,&quot;target&quot;:&quot;https:\/\/www.welt.de\/politik\/deutschland\/article256214612\/migration-das-geht-zu-weit-berliner-verwaltungsrichter-berichten-von-drohungen.html&quot;,&quot;trackingName&quot;:&quot;&quot;,&quot;trackingLabel&quot;:&quot;&quot;}}\" target=\"_blank\">Urteil des Berliner Verwaltungsgerichts<\/a>, das die Zur\u00fcckweisung von drei somalischen Asylbewerbern an der deutsch-polnischen Grenze als rechtswidrig einstufte. Gr\u00f6tsch sagte, er sehe \u201eauf den ersten Blick, dass die Exekutive hier was anderes sagt als die Judikative\u201c. Und weiter: \u201eDas halte ich f\u00fcr einen wahrhaft problematischen Zustand, der schleunigst gekl\u00e4rt werden muss.\u201c Polizisten br\u00e4uchten Rechtssicherheit bei ihren Eins\u00e4tzen.<\/p>\n<p>Zugleich kritisierte Gr\u00f6tsch die Auswirkungen der verst\u00e4rkten Grenzkontrollen auf den Polizeialltag. Notwendige \u00dcbungen fielen wegen der hohen Einsatzbelastung bereits aus, sagte er. Man m\u00fcsse sich fragen, \u201ezu welchem Preis\u201c solche Ma\u00dfnahmen langfristig umgesetzt werden k\u00f6nnten. Gr\u00f6tsch forderte eine offene politische Debatte dar\u00fcber, welche Priorit\u00e4ten gesetzt werden sollten und unter welchen Bedingungen die Bundespolizei arbeitsf\u00e4hig bleibe.<\/p>\n<p>Der Streit zwischen Polizeigewerkschaft und dem Polizeibeauftragten hat noch eine weitere Ebene. Die DPolG hat mit dem Amt des Polizeibeauftragten <a class=\"is-link c-block-items__link is-external c-link--rich-text-renderer\" href=\"https:\/\/www.welt.de\/politik\/deutschland\/plus251560304\/Polizeibeauftragter-des-Bundes-So-viel-verdient-SPD-Politiker-Uli-Groetsch-im-neuen-Job.html\" title=\"(Link wird in einem neuen Tab ge\u00f6ffnet)\" rel=\"nofollow noopener\" data-internal-tracking-enabled=\"true\" data-internal-tracking=\"{&quot;action&quot;:&quot;click&quot;,&quot;label&quot;:&quot;link&quot;,&quot;name&quot;:&quot;Inline Element&quot;,&quot;data&quot;:{&quot;source&quot;:&quot;&quot;,&quot;target&quot;:&quot;https:\/\/www.welt.de\/politik\/deutschland\/plus251560304\/Polizeibeauftragter-des-Bundes-So-viel-verdient-SPD-Politiker-Uli-Groetsch-im-neuen-Job.html&quot;,&quot;trackingName&quot;:&quot;&quot;,&quot;trackingLabel&quot;:&quot;&quot;}}\" target=\"_blank\">grundlegende verfassungsrechtliche Probleme<\/a> und im vergangenen Jahr Verfassungsbeschwerde gegen das Amt des Bundespolizeibeauftragten eingereicht, da die Gewerkschaft das Gesetz zum Polizeibeauftragen ohne eine Verankerung im Grundgesetz f\u00fcr verfassungswidrig h\u00e4lt.<\/p>\n<p><b>Wir sind das WELT-Investigativteam: Sie haben Hinweise f\u00fcr uns? Dann melden Sie sich gerne, auch vertraulich \u2013 <\/b><a class=\"is-link c-block-items__link is-external c-link--rich-text-renderer\" href=\"https:\/\/outlook.office.com\/mail\/deeplink\/compose?mailtouri=mailto%3AVLWeltInvestigativ%40axelspringer.de\" title=\"(Link wird in einem neuen Tab ge\u00f6ffnet)\" rel=\"nofollow noopener\" data-internal-tracking-enabled=\"true\" data-internal-tracking=\"{&quot;action&quot;:&quot;click&quot;,&quot;label&quot;:&quot;link&quot;,&quot;name&quot;:&quot;Inline Element&quot;,&quot;data&quot;:{&quot;source&quot;:&quot;&quot;,&quot;target&quot;:&quot;https:\/\/outlook.office.com\/mail\/deeplink\/compose?mailtouri=mailto%3AVLWeltInvestigativ%40axelspringer.de&quot;,&quot;trackingName&quot;:&quot;&quot;,&quot;trackingLabel&quot;:&quot;&quot;}}\" target=\"_blank\"><b>per E-Mail <\/b><\/a><b>oder \u00fcber den verschl\u00fcsselten Messenger Threema (<\/b><a class=\"is-link c-block-items__link is-external c-link--rich-text-renderer\" href=\"https:\/\/threema.id\/X4YK57TU\" title=\"(Link wird in einem neuen Tab ge\u00f6ffnet)\" rel=\"nofollow noopener\" data-internal-tracking-enabled=\"true\" data-internal-tracking=\"{&quot;action&quot;:&quot;click&quot;,&quot;label&quot;:&quot;link&quot;,&quot;name&quot;:&quot;Inline Element&quot;,&quot;data&quot;:{&quot;source&quot;:&quot;&quot;,&quot;target&quot;:&quot;https:\/\/threema.id\/X4YK57TU&quot;,&quot;trackingName&quot;:&quot;&quot;,&quot;trackingLabel&quot;:&quot;&quot;}}\" target=\"_blank\"><b>X4YK57TU<\/b><\/a><b>)<\/b>.<\/p>\n","protected":false},"excerpt":{"rendered":"Die Deutsche Polizeigewerkschaft geht auf Distanz zum Polizeibeauftragten des Bundes, Uli Gr\u00f6tsch. In einem Schreiben kritisiert sie dessen&hellip;\n","protected":false},"author":2,"featured_media":180100,"comment_status":"","ping_status":"","sticky":false,"template":"","format":"standard","meta":{"footnotes":""},"categories":[5],"tags":[331,332,7285,533,3364,29,35348,30,16311,13,167,14,15,121,12],"class_list":{"0":"post-180099","1":"post","2":"type-post","3":"status-publish","4":"format-standard","5":"has-post-thumbnail","7":"category-nachrichten","8":"tag-aktuelle-nachrichten","9":"tag-aktuelle-news","10":"tag-alexander","11":"tag-asyl","12":"tag-de","13":"tag-deutschland","14":"tag-dobrindt","15":"tag-germany","16":"tag-grenzen","17":"tag-headlines","18":"tag-investigation","19":"tag-nachrichten","20":"tag-news","21":"tag-polizei","22":"tag-schlagzeilen"},"share_on_mastodon":{"url":"https:\/\/pubeurope.com\/@de\/114660755602907647","error":""},"_links":{"self":[{"href":"https:\/\/www.europesays.com\/de\/wp-json\/wp\/v2\/posts\/180099","targetHints":{"allow":["GET"]}}],"collection":[{"href":"https:\/\/www.europesays.com\/de\/wp-json\/wp\/v2\/posts"}],"about":[{"href":"https:\/\/www.europesays.com\/de\/wp-json\/wp\/v2\/types\/post"}],"author":[{"embeddable":true,"href":"https:\/\/www.europesays.com\/de\/wp-json\/wp\/v2\/users\/2"}],"replies":[{"embeddable":true,"href":"https:\/\/www.europesays.com\/de\/wp-json\/wp\/v2\/comments?post=180099"}],"version-history":[{"count":0,"href":"https:\/\/www.europesays.com\/de\/wp-json\/wp\/v2\/posts\/180099\/revisions"}],"wp:featuredmedia":[{"embeddable":true,"href":"https:\/\/www.europesays.com\/de\/wp-json\/wp\/v2\/media\/180100"}],"wp:attachment":[{"href":"https:\/\/www.europesays.com\/de\/wp-json\/wp\/v2\/media?parent=180099"}],"wp:term":[{"taxonomy":"category","embeddable":true,"href":"https:\/\/www.europesays.com\/de\/wp-json\/wp\/v2\/categories?post=180099"},{"taxonomy":"post_tag","embeddable":true,"href":"https:\/\/www.europesays.com\/de\/wp-json\/wp\/v2\/tags?post=180099"}],"curies":[{"name":"wp","href":"https:\/\/api.w.org\/{rel}","templated":true}]}}