{"id":180173,"date":"2025-06-10T20:17:11","date_gmt":"2025-06-10T20:17:11","guid":{"rendered":"https:\/\/www.europesays.com\/de\/180173\/"},"modified":"2025-06-10T20:17:11","modified_gmt":"2025-06-10T20:17:11","slug":"sky-zieht-preis-fuer-sport-monatsabo-ordentlich-an","status":"publish","type":"post","link":"https:\/\/www.europesays.com\/de\/180173\/","title":{"rendered":"Sky zieht Preis f\u00fcr Sport-Monatsabo ordentlich an"},"content":{"rendered":"<p>Mehr als 20 Prozent teurer <\/p>\n<p>Sky zieht Preis f\u00fcr Sport-Monatsabo ordentlich an<\/p>\n<p>10.06.2025 &#8211; 20:28 UhrLesedauer: 1 Min.<\/p>\n<p><a href=\"#focus-0\" class=\"transition-colors duration-200 focus-within:text-magenta block text-current relative\" data-sctrack=\"FocusGalleryImage.Reference\"><img fetchpriority=\"high\" data-testid=\"Opener.Image\" style=\"--lqipURL:url('https:\/\/images.t-online.de\/2025\/06\/yd9ReS5B3JEk\/142x96:658x370\/fit-in\/150x0\/filters:blur(25)\/image.jpg')\"   loading=\"eager\" src=\"https:\/\/www.europesays.com\/de\/wp-content\/uploads\/2025\/06\/1749586630_295_image.jpg\" alt=\"urn:newsml:dpa.com:20090101:250518-911-007687\" title=\"urn:newsml:dpa.com:20090101:250518-911-007687\" width=\"658\" height=\"370\" class=\"bg-[url:var(--lqipURL)] bg-cover bg-center flex w-full max-w-full h-full\" decoding=\"async\"\/><img style=\"--width:32;--height:32\" loading=\"lazy\" src=\"https:\/\/www.europesays.com\/de\/wp-content\/uploads\/2025\/05\/zoom-in.f7dae02f.svg.svg+xml\" alt=\"Vergr\u00f6\u00dfern des Bildes\" title=\"Vergr\u00f6\u00dfern des Bildes\" class=\"&#10;        block&#10;        h-[calc(var(--height)_\/_16_*_1rem)]&#10;        w-[calc(var(--width)_\/_16_*_1rem)]&#10;        max-w-none&#10;        absolute bottom-8 right-8 rounded-4 bg-snow p-8\" decoding=\"async\"\/><\/a><\/p>\n<p>Sky-Mikrofon: Der Sender ist seit Jahren in den Bundesliga-Stadien pr\u00e4sent. (Quelle: Harry Langer)<\/p>\n<p class=\"font-bold text-18 leading-17\">Sky zieht die Preise deutlich an. Das Monatsabo soll ab Ende Juli 20 Prozent teurer werden. Grund sind laut dem Sender &#8222;steigende Lizenzkosten&#8220;.<\/p>\n<p class=\"text-18 leading-17\">Der Pay-TV-Sender Sky hat bekannt gegeben, dass der Preis f\u00fcr das Live-Sport-Abonnement bei seinem Streaming-Dienst &#8222;Wow&#8220; ab dem 24. Juli um mehr als 20 Prozent steigen wird. Wie das Unternehmen auf seiner Internetseite mitteilte, erh\u00f6ht sich der monatliche Preis um neun Euro auf 44,99 Euro. Bislang k\u00f6nnen Kunden das Abo noch f\u00fcr 35,99 Euro buchen.<\/p>\n<p class=\"text-18 leading-17\">Der Preis f\u00fcr das Jahresabonnement von &#8222;Wow&#8220; bleibt hingegen unver\u00e4ndert bei 29,99 Euro monatlich, soll jedoch nach einem Jahr um sechs Euro steigen.<\/p>\n<p class=\"text-18 leading-17\">Sky begr\u00fcndet die Preiserh\u00f6hung mit &#8222;steigenden Lizenzkosten unter anderem f\u00fcr die Bundesliga&#8220;. Das Unternehmen hatte im Dezember gr\u00f6\u00dfere Rechtepakete der Deutschen Fu\u00dfball Liga (DFL) erworben und wird ab der kommenden Saison zus\u00e4tzlich die Live-\u00dcbertragungen der 1. Liga am Freitagabend anbieten.<\/p>\n","protected":false},"excerpt":{"rendered":"Mehr als 20 Prozent teurer Sky zieht Preis f\u00fcr Sport-Monatsabo ordentlich an 10.06.2025 &#8211; 20:28 UhrLesedauer: 1 Min.&hellip;\n","protected":false},"author":2,"featured_media":180174,"comment_status":"","ping_status":"","sticky":false,"template":"","format":"standard","meta":{"footnotes":""},"categories":[1773],"tags":[722,29,214,30,60697,471,1780,1897,215],"class_list":{"0":"post-180173","1":"post","2":"type-post","3":"status-publish","4":"format-standard","5":"has-post-thumbnail","7":"category-serien","8":"tag-722","9":"tag-deutschland","10":"tag-entertainment","11":"tag-germany","12":"tag-monatsabo","13":"tag-serien","14":"tag-series","15":"tag-streaming","16":"tag-unterhaltung"},"share_on_mastodon":{"url":"https:\/\/pubeurope.com\/@de\/114660917083698194","error":""},"_links":{"self":[{"href":"https:\/\/www.europesays.com\/de\/wp-json\/wp\/v2\/posts\/180173","targetHints":{"allow":["GET"]}}],"collection":[{"href":"https:\/\/www.europesays.com\/de\/wp-json\/wp\/v2\/posts"}],"about":[{"href":"https:\/\/www.europesays.com\/de\/wp-json\/wp\/v2\/types\/post"}],"author":[{"embeddable":true,"href":"https:\/\/www.europesays.com\/de\/wp-json\/wp\/v2\/users\/2"}],"replies":[{"embeddable":true,"href":"https:\/\/www.europesays.com\/de\/wp-json\/wp\/v2\/comments?post=180173"}],"version-history":[{"count":0,"href":"https:\/\/www.europesays.com\/de\/wp-json\/wp\/v2\/posts\/180173\/revisions"}],"wp:featuredmedia":[{"embeddable":true,"href":"https:\/\/www.europesays.com\/de\/wp-json\/wp\/v2\/media\/180174"}],"wp:attachment":[{"href":"https:\/\/www.europesays.com\/de\/wp-json\/wp\/v2\/media?parent=180173"}],"wp:term":[{"taxonomy":"category","embeddable":true,"href":"https:\/\/www.europesays.com\/de\/wp-json\/wp\/v2\/categories?post=180173"},{"taxonomy":"post_tag","embeddable":true,"href":"https:\/\/www.europesays.com\/de\/wp-json\/wp\/v2\/tags?post=180173"}],"curies":[{"name":"wp","href":"https:\/\/api.w.org\/{rel}","templated":true}]}}