{"id":180288,"date":"2025-06-10T21:21:09","date_gmt":"2025-06-10T21:21:09","guid":{"rendered":"https:\/\/www.europesays.com\/de\/180288\/"},"modified":"2025-06-10T21:21:09","modified_gmt":"2025-06-10T21:21:09","slug":"eintracht-frankfurt-der-abwehr-plan-fuer-die-champions-league-sport","status":"publish","type":"post","link":"https:\/\/www.europesays.com\/de\/180288\/","title":{"rendered":"Eintracht Frankfurt: Der Abwehr-Plan f\u00fcr die Champions League! | Sport"},"content":{"rendered":"<p><b>Eintracht Frankfurt hat klare Pl\u00e4ne f\u00fcr die kommende Champions-League-Saison! <\/b><\/p>\n<p><b>Mit Robin Koch bleibt der Abwehr-Chef bis 2030. Spannung herrscht um Tuta \u2013 bleibt er oder wechselt er? Betis Sevilla ist interessiert. Falls er nicht verl\u00e4ngert und gehen will, hat Eintracht eine klare Preisvorstellung.<\/b><\/p>\n<p><b>Was das Tuta-Preisschild ist, wie und mit wem Eintracht bei einem Abgang des Brasilianers plant und weitere spannende Details, lesen Sie mit BILDplus.<\/b><\/p>\n","protected":false},"excerpt":{"rendered":"Eintracht Frankfurt hat klare Pl\u00e4ne f\u00fcr die kommende Champions-League-Saison! Mit Robin Koch bleibt der Abwehr-Chef bis 2030. Spannung&hellip;\n","protected":false},"author":2,"featured_media":180289,"comment_status":"","ping_status":"","sticky":false,"template":"","format":"standard","meta":{"footnotes":"","_share_on_mastodon":"0"},"categories":[1829],"tags":[38831,29,460,538,2050,2051,30,2052,33581,466,7164,59305,469,45,462,463],"class_list":["post-180288","post","type-post","status-publish","format-standard","has-post-thumbnail","category-frankfurt-am-main","tag-betis-sevilla","tag-deutschland","tag-eintracht-frankfurt","tag-erste-bundesliga","tag-frankfurt","tag-frankfurt-am-main","tag-germany","tag-hessen","tag-itakura-ko","tag-koch-robin","tag-kroesche-markus","tag-rsc-anderlecht","tag-sport-leuchtturm-zentral","tag-texttospeech","tag-toppmoeller-dino","tag-tuta"],"share_on_mastodon":{"url":"https:\/\/pubeurope.com\/@de\/114661168512922153","error":""},"_links":{"self":[{"href":"https:\/\/www.europesays.com\/de\/wp-json\/wp\/v2\/posts\/180288","targetHints":{"allow":["GET"]}}],"collection":[{"href":"https:\/\/www.europesays.com\/de\/wp-json\/wp\/v2\/posts"}],"about":[{"href":"https:\/\/www.europesays.com\/de\/wp-json\/wp\/v2\/types\/post"}],"author":[{"embeddable":true,"href":"https:\/\/www.europesays.com\/de\/wp-json\/wp\/v2\/users\/2"}],"replies":[{"embeddable":true,"href":"https:\/\/www.europesays.com\/de\/wp-json\/wp\/v2\/comments?post=180288"}],"version-history":[{"count":0,"href":"https:\/\/www.europesays.com\/de\/wp-json\/wp\/v2\/posts\/180288\/revisions"}],"wp:featuredmedia":[{"embeddable":true,"href":"https:\/\/www.europesays.com\/de\/wp-json\/wp\/v2\/media\/180289"}],"wp:attachment":[{"href":"https:\/\/www.europesays.com\/de\/wp-json\/wp\/v2\/media?parent=180288"}],"wp:term":[{"taxonomy":"category","embeddable":true,"href":"https:\/\/www.europesays.com\/de\/wp-json\/wp\/v2\/categories?post=180288"},{"taxonomy":"post_tag","embeddable":true,"href":"https:\/\/www.europesays.com\/de\/wp-json\/wp\/v2\/tags?post=180288"}],"curies":[{"name":"wp","href":"https:\/\/api.w.org\/{rel}","templated":true}]}}