{"id":180321,"date":"2025-06-10T21:38:10","date_gmt":"2025-06-10T21:38:10","guid":{"rendered":"https:\/\/www.europesays.com\/de\/180321\/"},"modified":"2025-06-10T21:38:10","modified_gmt":"2025-06-10T21:38:10","slug":"bts-vor-comeback-k-pop-stars-beenden-militaerdienst","status":"publish","type":"post","link":"https:\/\/www.europesays.com\/de\/180321\/","title":{"rendered":"BTS vor Comeback: K-Pop-Stars beenden Milit\u00e4rdienst"},"content":{"rendered":"<p>                    BTS vor Comeback<br \/>\n                K-Pop-Stars beenden Milit\u00e4rdienst<\/p>\n<p>\t\t\t\t              10.06.2025, 21:03 Uhr<\/p>\n<p>\t\t\t\t\t       Artikel anh\u00f6ren<\/p>\n<p>\t\t\t\t\t\t\tDiese Audioversion wurde k\u00fcnstlich generiert. <a href=\"https:\/\/www.n-tv.de\/23249898\" target=\"_blank\" rel=\"noopener\">Mehr Infos<\/a><\/p>\n<p><strong>Die Meldung d\u00fcrfte bei einigen Fans bereits Kreischalarm ausl\u00f6sen: Die BTS-Mitglieder RM und V haben ihren Milit\u00e4rdienst in S\u00fcdkorea beendet. Einem Comeback der K-Pop-Megastars steht damit (fast) nichts mehr im Weg.<\/strong><\/p>\n<p>Es ist ein Meilenstein auf dem Weg zur vollst\u00e4ndigen R\u00fcckkehr der erfolgreichsten Boyband der Welt: Die beiden K-Pop-Superstars RM und V von der Band BTS sind offiziell aus dem s\u00fcdkoreanischen Milit\u00e4rdienst entlassen worden. Am Dienstagmorgen salutierten die beiden Musiker bei ihrer Entlassung in der Stadt Chuncheon unter dem Jubel von mehreren hundert Fans aus aller Welt.<\/p>\n<p>Einige Anh\u00e4ngerinnen und Anh\u00e4nger der Band nahmen laut &#8222;The Guardian&#8220; weite Reisen auf sich, um den emotionalen Moment mitzuerleben. So reisten Fans unter anderem aus Mexiko, der T\u00fcrkei und Brasilien an.<\/p>\n<p>  <a href=\"https:\/\/www.europesays.com\/de\/wp-content\/uploads\/2025\/06\/530267384.jpg\">     <img decoding=\"async\" alt=\"Zahlreiche Fans waren extra angereist.\" src=\"https:\/\/www.europesays.com\/de\/wp-content\/uploads\/2025\/06\/530267384.jpg\" class=\"lazyload\"\/>  <\/a>  <\/p>\n<p class=\"article__aside__caption\">Zahlreiche Fans waren extra angereist.<\/p>\n<p class=\"article__aside__copy\">(Foto: picture alliance \/ Sipa USA)<\/p>\n<p>RM (b\u00fcrgerlich Kim Nam-joon) und V (Kim Tae-hyung) hatten ihren Milit\u00e4rdienst im Dezember 2023 angetreten. Damit schlossen sie sich ihren Bandkollegen Jin, J-Hope und Suga an, die schon zuvor ihren Dienst begonnen hatten. Jin, das mit 32 Jahren \u00e4lteste Mitglied der Gruppe, wurde bereits im Juni 2024 entlassen, J-Hope folgte im Oktober desselben Jahres.<\/p>\n<p>Am Mittwoch werden auch Jimin und Jungkook aus dem Milit\u00e4r entlassen. Suga kommt seiner Verpflichtung als sogenannter &#8222;Sozialdienstleistender&#8220; nach, eine alternative Form des Wehrdienstes f\u00fcr bestimmte F\u00e4lle, und soll noch im Laufe dieses Monats entlassen werden. Die Wiedervereinigung der sieben Mitglieder von BTS ist f\u00fcr sp\u00e4ter im Jahr 2025 geplant &#8211; ein hei\u00df ersehnter Moment f\u00fcr die weltweite Fangemeinde der K-Pop-Stars.<\/p>\n<p>Keine Ausnahme f\u00fcr K-Pop-Stars<\/p>\n<p>In S\u00fcdkorea gilt f\u00fcr alle wehrf\u00e4higen M\u00e4nner zwischen 18 und 28 Jahren die gesetzliche Wehrpflicht, die in der Regel zwischen 18 und 21 Monaten dauert. Ziel ist es, angesichts der anhaltenden Spannungen mit Nordkorea die Verteidigungsbereitschaft des Landes aufrechtzuerhalten.<\/p>\n<p>W\u00e4hrend Spitzensportler sowie klassische Musiker oder T\u00e4nzer unter bestimmten Voraussetzungen von der Wehrpflicht befreit werden k\u00f6nnen, gelten solche Ausnahmen nicht f\u00fcr K-Pop-Stars. Eine \u00f6ffentliche Debatte \u00fcber eine m\u00f6gliche Sonderregelung f\u00fcr BTS hatte 2022 hohe Wellen geschlagen, ehe das Management der Band offiziell verk\u00fcndete, dass alle sieben Mitglieder ihren Dienst ableisten w\u00fcrden. Zuvor hatte eine Gesetzes\u00e4nderung es erm\u00f6glicht, den Dienstantritt f\u00fcr &#8222;kulturell bedeutende K\u00fcnstler&#8220; &#8211; darunter auch BTS &#8211; bis zum Alter von 30 Jahren hinauszuz\u00f6gern.<\/p>\n<p>BTS wurde 2013 gegr\u00fcndet und entwickelte sich zu einem globalen Ph\u00e4nomen. Alben wie &#8222;Love Yourself&#8220;, &#8222;Map of the Soul&#8220; und &#8222;BE&#8220; erreichten Spitzenpositionen in den internationalen Charts und trugen dazu bei, K-Pop weltweit zu etablieren. BTS war die erste s\u00fcdkoreanische Gruppe, die bei den Grammy Awards auftrat. Die Mitglieder wurden von den Vereinten Nationen eingeladen, um \u00fcber Selbstliebe, Jugend und soziale Verantwortung zu sprechen. Ihre Geschichte gilt als Paradebeispiel f\u00fcr musikalischen Erfolg jenseits westlichen Mainstreams.<\/p>\n","protected":false},"excerpt":{"rendered":"BTS vor Comeback K-Pop-Stars beenden Milit\u00e4rdienst 10.06.2025, 21:03 Uhr Artikel anh\u00f6ren Diese Audioversion wurde k\u00fcnstlich generiert. Mehr Infos&hellip;\n","protected":false},"author":2,"featured_media":180322,"comment_status":"","ping_status":"","sticky":false,"template":"","format":"standard","meta":{"footnotes":""},"categories":[1772],"tags":[29,214,30,1779,810,809,613,215],"class_list":{"0":"post-180321","1":"post","2":"type-post","3":"status-publish","4":"format-standard","5":"has-post-thumbnail","7":"category-musik","8":"tag-deutschland","9":"tag-entertainment","10":"tag-germany","11":"tag-music","12":"tag-musik","13":"tag-popmusik","14":"tag-suedkorea","15":"tag-unterhaltung"},"share_on_mastodon":{"url":"https:\/\/pubeurope.com\/@de\/114661235662290331","error":""},"_links":{"self":[{"href":"https:\/\/www.europesays.com\/de\/wp-json\/wp\/v2\/posts\/180321","targetHints":{"allow":["GET"]}}],"collection":[{"href":"https:\/\/www.europesays.com\/de\/wp-json\/wp\/v2\/posts"}],"about":[{"href":"https:\/\/www.europesays.com\/de\/wp-json\/wp\/v2\/types\/post"}],"author":[{"embeddable":true,"href":"https:\/\/www.europesays.com\/de\/wp-json\/wp\/v2\/users\/2"}],"replies":[{"embeddable":true,"href":"https:\/\/www.europesays.com\/de\/wp-json\/wp\/v2\/comments?post=180321"}],"version-history":[{"count":0,"href":"https:\/\/www.europesays.com\/de\/wp-json\/wp\/v2\/posts\/180321\/revisions"}],"wp:featuredmedia":[{"embeddable":true,"href":"https:\/\/www.europesays.com\/de\/wp-json\/wp\/v2\/media\/180322"}],"wp:attachment":[{"href":"https:\/\/www.europesays.com\/de\/wp-json\/wp\/v2\/media?parent=180321"}],"wp:term":[{"taxonomy":"category","embeddable":true,"href":"https:\/\/www.europesays.com\/de\/wp-json\/wp\/v2\/categories?post=180321"},{"taxonomy":"post_tag","embeddable":true,"href":"https:\/\/www.europesays.com\/de\/wp-json\/wp\/v2\/tags?post=180321"}],"curies":[{"name":"wp","href":"https:\/\/api.w.org\/{rel}","templated":true}]}}