{"id":180458,"date":"2025-06-10T22:54:16","date_gmt":"2025-06-10T22:54:16","guid":{"rendered":"https:\/\/www.europesays.com\/de\/180458\/"},"modified":"2025-06-10T22:54:16","modified_gmt":"2025-06-10T22:54:16","slug":"berlin-von-christo-verpackter-vw-kaefer-parkt-in-der-neuen-nationalgalerie-in-berlin","status":"publish","type":"post","link":"https:\/\/www.europesays.com\/de\/180458\/","title":{"rendered":"Berlin: Von Christo verpackter VW K\u00e4fer parkt in der Neuen Nationalgalerie in Berlin"},"content":{"rendered":"<p class=\"metatextline\">Stand: 10.06.2025 18:15 Uhr<\/p>\n<p class=\"textabsatz m-ten m-offset-one l-eight l-offset-two columns twelve\">\nAnl\u00e4sslich des gro\u00dfen Jubil\u00e4ums zu 30 Jahren &#8222;Verpackter Reichstag&#8220; zeigt die Neue Nationalgalerie in Berlin ab Mittwoch einen von Christo verpackten VW K\u00e4fer. Das Kunstwerk aus dem Jahr 2014 wird als Leihgabe f\u00fcr l\u00e4ngere Zeit in der Sammlung &#8222;Zerrei\u00dfprobe. Kunst zwischen Politik und Gesellschaft&#8220; zu sehen sein, wie die Neue Nationalgalerie mitteilte.<\/p>\n<p>            <img loading=\"lazy\" decoding=\"async\" class=\"ts-image\" src=\"https:\/\/www.europesays.com\/de\/wp-content\/uploads\/2025\/06\/rbb-video-rbb24-10-06-2025-material-ard-aktuell-archiv-100.jpg\" alt=\"30 Jahre nach seiner Verh\u00fcllung wird am 09.06.2025 das Reichstagsgeb\u00e4ude nach dem damaligen Vorbild angestrahlt. (Quelle: dpa-Bildfunk\/Kay Nietfeld)\" title=\"Video: rbb|24 | 10.06.2025 | Material: ARD-Aktuell, Archiv | dpa-Bildfunk\/Kay Nietfeld\"\/><\/p>\n<p>Reichstagsgeb\u00e4ude wird per Lichtprojektion erneut &#8222;verh\u00fcllt&#8220;<\/p>\n<p>            Die Bilder des verh\u00fcllten Reichstags in Berlin vor 30 Jahren gingen um die Welt. Eine Lichtprojektion erinnert seit Montagabend an die spektakul\u00e4re Kunstaktion.<a href=\"https:\/\/www.rbb24.de\/kultur\/beitrag\/2025\/06\/berlin-reichstag-verhuellung-30-jahre-kunst-christo-projektion.html\" title=\"mehr\" class=\"textlink--extern\" target=\"_blank\" rel=\"noopener nofollow\">mehr<\/a><\/p>\n<p class=\"textabsatz m-ten m-offset-one l-eight l-offset-two columns twelve\">\nDas K\u00fcnstler-Ehepaar Christo und Jeanne-Claude hatte 1963 anl\u00e4sslich einer Ausstellung in D\u00fcsseldorf erstmals einen VW K\u00e4fer verpackt. Die Arbeit mit dem Titel &#8222;Verpacktes Auto&#8220; existierte jedoch nur f\u00fcr kurze Zeit \u2013 die H\u00fclle musste auf Wunsch des Besitzers wieder entfernt werden, der seine Entscheidung sp\u00e4ter als einen seiner gr\u00f6\u00dften Fehler bezeichnete, wie das Museum weiter mitteilte.<\/p>\n<p>    Hommage an die fr\u00fchere Aktion<\/p>\n<p class=\"textabsatz--contains-image  m-six l-five textabsatz columns twelve\">\nMehr als 50 Jahre sp\u00e4ter, im Jahr 2014, verpackte Christo erneut ein solches Modell &#8211; Baujahr 1961 in mintgr\u00fcn. Seine Frau war da bereits verstorben. So entstand das Werk mit dem Namen &#8222;Verpackter Volkswagen K\u00e4fer Saloon&#8220; als Hommage an die fr\u00fchere Aktion. Dabei lie\u00df der K\u00fcnstler alle Fl\u00fcssigkeiten entfernen sowie das Fahrzeug auf Rollen montieren.<\/p>\n<p class=\"absatzbild__info__text\">\n                        Das K\u00fcnstler-Ehepaar Christo verpackte 1963 erstmals einen VW K\u00e4fer\n                    <\/p>\n<p class=\"textabsatz m-ten m-offset-one l-eight l-offset-two columns twelve\">\nChristo und Jeanne-Claude, <a href=\"https:\/\/www.rbb24.de\/kultur\/beitrag\/2025\/06\/bildergalerie-verhuellter-reichstag-berlin-christo-jeanne-claude.html\" title=\"die vor 30 Jahren auch den Reichstag in Berlin verh\u00fcllten\" class=\"textlink--extern\" target=\"_blank\" rel=\"noopener nofollow\">die vor 30 Jahren auch den Reichstag in Berlin verh\u00fcllten<\/a>, wollten mit ihrer Kunst erreichen, dass die Objekte anders wahrgenommen werden. Dazu z\u00e4hlten nicht nur Geb\u00e4ude, sondern auch Parks und Landschaften.<br \/>\u00a0<br \/>Seit Montag wird das Reichstagsgeb\u00e4ude in Berlin <a href=\"https:\/\/www.rbb24.de\/kultur\/beitrag\/av7\/video-berlin-reichstag-licht-projektion-verhuellung.html\" title=\"jeden Abend illuminiert\" class=\"textlink--extern\" target=\"_blank\" rel=\"noopener nofollow\">jeden Abend illuminiert<\/a>. Die riesige Lichtprojektion des verh\u00fcllten Reichstags ist bis zum 20. Juni t\u00e4glich an der Westfassade des Geb\u00e4udes zu sehen. Projiziert wird jeweils nach Einbruch der Dunkelheit ab etwa 21:30 Uhr bis 1 Uhr in der Nacht.<\/p>\n<p>    <a href=\"https:\/\/www.tagesschau.de\/inland\/regional\/berlin\/rbb-verhuellter-reichstag-alles-begann-mit-einer-postkarte-100.html\" class=\"copytext-galerie columns twelve m-ten m-offset-one l-eight l-offset-two\" rel=\"nofollow noopener\" target=\"_blank\"><br \/>\n        Bilderstrecke<br \/>\n        Verh\u00fcllter Reichstag: Alles begann mit einer Postkarte<br \/>\n    <\/a><\/p>\n<p class=\"textabsatz m-ten m-offset-one l-eight l-offset-two columns twelve\">\nSendung: rbb24 Abendschau, 10.06.2025, 19:30 Uhr<\/p>\n<p>                                        <a class=\"backlink__link\" href=\"https:\/\/www.rbb24.de\/kultur\/beitrag\/2025\/06\/berlin-christo-verpackter-vw-kaefer-neue-nationalgalerie.html\" rel=\"nofollow noopener\" target=\"_blank\"><\/p>\n<p>                                                <img decoding=\"async\" src=\"https:\/\/www.europesays.com\/de\/wp-content\/uploads\/2025\/04\/1745108282_195_lra-rbb-logo-100.svg.svg+xml\" alt=\"Rundfunk Berlin-Brandenburg\"\/><\/p>\n<p>                                        <\/a><\/p>\n","protected":false},"excerpt":{"rendered":"Stand: 10.06.2025 18:15 Uhr Anl\u00e4sslich des gro\u00dfen Jubil\u00e4ums zu 30 Jahren &#8222;Verpackter Reichstag&#8220; zeigt die Neue Nationalgalerie in&hellip;\n","protected":false},"author":2,"featured_media":180459,"comment_status":"","ping_status":"","sticky":false,"template":"","format":"standard","meta":{"footnotes":""},"categories":[1825],"tags":[296,29,30,2239],"class_list":{"0":"post-180458","1":"post","2":"type-post","3":"status-publish","4":"format-standard","5":"has-post-thumbnail","7":"category-berlin","8":"tag-berlin","9":"tag-deutschland","10":"tag-germany","11":"tag-rbb"},"share_on_mastodon":{"url":"https:\/\/pubeurope.com\/@de\/114661534329208783","error":""},"_links":{"self":[{"href":"https:\/\/www.europesays.com\/de\/wp-json\/wp\/v2\/posts\/180458","targetHints":{"allow":["GET"]}}],"collection":[{"href":"https:\/\/www.europesays.com\/de\/wp-json\/wp\/v2\/posts"}],"about":[{"href":"https:\/\/www.europesays.com\/de\/wp-json\/wp\/v2\/types\/post"}],"author":[{"embeddable":true,"href":"https:\/\/www.europesays.com\/de\/wp-json\/wp\/v2\/users\/2"}],"replies":[{"embeddable":true,"href":"https:\/\/www.europesays.com\/de\/wp-json\/wp\/v2\/comments?post=180458"}],"version-history":[{"count":0,"href":"https:\/\/www.europesays.com\/de\/wp-json\/wp\/v2\/posts\/180458\/revisions"}],"wp:featuredmedia":[{"embeddable":true,"href":"https:\/\/www.europesays.com\/de\/wp-json\/wp\/v2\/media\/180459"}],"wp:attachment":[{"href":"https:\/\/www.europesays.com\/de\/wp-json\/wp\/v2\/media?parent=180458"}],"wp:term":[{"taxonomy":"category","embeddable":true,"href":"https:\/\/www.europesays.com\/de\/wp-json\/wp\/v2\/categories?post=180458"},{"taxonomy":"post_tag","embeddable":true,"href":"https:\/\/www.europesays.com\/de\/wp-json\/wp\/v2\/tags?post=180458"}],"curies":[{"name":"wp","href":"https:\/\/api.w.org\/{rel}","templated":true}]}}