{"id":180471,"date":"2025-06-10T23:01:20","date_gmt":"2025-06-10T23:01:20","guid":{"rendered":"https:\/\/www.europesays.com\/de\/180471\/"},"modified":"2025-06-10T23:01:20","modified_gmt":"2025-06-10T23:01:20","slug":"angst-vor-masern-us-behoerden-fordern-reisende-zur-impfung-auf","status":"publish","type":"post","link":"https:\/\/www.europesays.com\/de\/180471\/","title":{"rendered":"Angst vor Masern: US-Beh\u00f6rden fordern Reisende zur Impfung auf"},"content":{"rendered":"<p>\n  Von&amp;nbsp<b>Euronews<\/b>&amp;nbspmit&amp;nbsp<b>AP<\/b><\/p>\n<p>\n                    Zuerst ver\u00f6ffentlicht am                 10\/06\/2025 &#8211; 11:26 MESZ\u2022Zuletzt aktualisiert<br \/>\n                                     11:28<\/p>\n<p><img decoding=\"async\" class=\"c-ad__placeholder__logo\" src=\"https:\/\/www.europesays.com\/de\/wp-content\/uploads\/2025\/04\/logo-euronews-grey-6-180x22.svg.svg+xml\" width=\"180\" height=\"22\" alt=\"\" loading=\"lazy\"\/>WERBUNG<\/p>\n<p>Gesundheitsbeh\u00f6rden in den USA haben ihre Empfehlungen f\u00fcr internationale Reisende wegen zunehmender Masern-F\u00e4lle ge\u00e4ndert. Man solle sich gegen das Virus impfen lassen sollte, egal wohin man reise, hei\u00dft es. <\/p>\n<p>US-B\u00fcrgern wird ohnehin empfohlen, sich gegen Masern, Mumps und R\u00f6teln impfen zu lassen. Die US-amerikanischen Centers for Disease Control and Prevention (CDC) haben schon fr\u00fcher betont, wie wichtig die Impfung f\u00fcr Reisende ist, die in L\u00e4nder mit Masernausbr\u00fcchen reisen.<\/p>\n<p>In der vergangenen Woche aktualisierte das CDC seinen Leitfaden und fordert nun Impfungen f\u00fcr Reisende, die in alle anderen L\u00e4nder reisen.<\/p>\n<p>Ashley Darcy-Mahoney, Wissenschaftlerin an der Krankenpflegeschule der George Washington University in den USA, bezeichnete die Aktualisierung als wichtig.<\/p>\n<p>Ein Ausbruch in Colorado im vergangenen Monat ging auf einen internationalen Flug zur\u00fcck, der in Denver landete, so Darcy-Mahoney. Die \u00c4nderung der CDC-Reisehinweise spiegelt die Erkenntnis wider, dass Menschen nicht nur in L\u00e4ndern, in denen sich die Krankheit ausbreitet, mit Masern in Kontakt kommen, sondern auch in Flugzeugen und auf Reisen.<\/p>\n<p>&#8222;Wir beobachten eine Verlagerung von lokalisierten Ausbr\u00fcchen hin zur \u00dcbertragung im Transit&#8220;, und die CDC scheint darauf zu reagieren, sagte Darcy-Mahoney.<\/p>\n<p>In \u00dcbereinstimmung mit den Empfehlungen in der Europ\u00e4ischen Union empfiehlt die CDC in ihrem Reisehinweis zwei Impfdosen f\u00fcr alle Amerikaner ab 1 Jahr und eine fr\u00fche Dosis f\u00fcr reisende Kleinkinder im Alter von 6 bis 11 Monaten.<\/p>\n<p>Das Europ\u00e4ische Zentrum f\u00fcr die Pr\u00e4vention und die Kontrolle von Krankheiten (ECDC) empfiehlt Reisenden, sich vor der Abreise ins Ausland zu vergewissern, dass sie \u00fcber einen aktuellen Impfschutz verf\u00fcgen.<\/p>\n<p>In diesem Jahr sind in den USA bisher mehr als 1.000 Masernf\u00e4lle aufgetreten, und in der EU wurden mehr als 5.500 F\u00e4lle gemeldet.<\/p>\n","protected":false},"excerpt":{"rendered":"Von&amp;nbspEuronews&amp;nbspmit&amp;nbspAP Zuerst ver\u00f6ffentlicht am 10\/06\/2025 &#8211; 11:26 MESZ\u2022Zuletzt aktualisiert 11:28 WERBUNG Gesundheitsbeh\u00f6rden in den USA haben ihre Empfehlungen&hellip;\n","protected":false},"author":2,"featured_media":180472,"comment_status":"","ping_status":"","sticky":false,"template":"","format":"standard","meta":{"footnotes":""},"categories":[137],"tags":[11842,29,30,141,232,755,795,26464],"class_list":{"0":"post-180471","1":"post","2":"type-post","3":"status-publish","4":"format-standard","5":"has-post-thumbnail","7":"category-gesundheit","8":"tag-ausbruch","9":"tag-deutschland","10":"tag-germany","11":"tag-gesundheit","12":"tag-health","13":"tag-impfung","14":"tag-masern","15":"tag-public-health"},"share_on_mastodon":{"url":"https:\/\/pubeurope.com\/@de\/114661561879589101","error":""},"_links":{"self":[{"href":"https:\/\/www.europesays.com\/de\/wp-json\/wp\/v2\/posts\/180471","targetHints":{"allow":["GET"]}}],"collection":[{"href":"https:\/\/www.europesays.com\/de\/wp-json\/wp\/v2\/posts"}],"about":[{"href":"https:\/\/www.europesays.com\/de\/wp-json\/wp\/v2\/types\/post"}],"author":[{"embeddable":true,"href":"https:\/\/www.europesays.com\/de\/wp-json\/wp\/v2\/users\/2"}],"replies":[{"embeddable":true,"href":"https:\/\/www.europesays.com\/de\/wp-json\/wp\/v2\/comments?post=180471"}],"version-history":[{"count":0,"href":"https:\/\/www.europesays.com\/de\/wp-json\/wp\/v2\/posts\/180471\/revisions"}],"wp:featuredmedia":[{"embeddable":true,"href":"https:\/\/www.europesays.com\/de\/wp-json\/wp\/v2\/media\/180472"}],"wp:attachment":[{"href":"https:\/\/www.europesays.com\/de\/wp-json\/wp\/v2\/media?parent=180471"}],"wp:term":[{"taxonomy":"category","embeddable":true,"href":"https:\/\/www.europesays.com\/de\/wp-json\/wp\/v2\/categories?post=180471"},{"taxonomy":"post_tag","embeddable":true,"href":"https:\/\/www.europesays.com\/de\/wp-json\/wp\/v2\/tags?post=180471"}],"curies":[{"name":"wp","href":"https:\/\/api.w.org\/{rel}","templated":true}]}}