{"id":180492,"date":"2025-06-10T23:12:13","date_gmt":"2025-06-10T23:12:13","guid":{"rendered":"https:\/\/www.europesays.com\/de\/180492\/"},"modified":"2025-06-10T23:12:13","modified_gmt":"2025-06-10T23:12:13","slug":"wo-ist-er-in-chemnitz-besonders-gut-zu-sehen","status":"publish","type":"post","link":"https:\/\/www.europesays.com\/de\/180492\/","title":{"rendered":"Wo ist er in Chemnitz besonders gut zu sehen?"},"content":{"rendered":"<p class=\"bold\">\n\t\t\t\t\t\t\t\t\t\tEin Blick in den Nachthimmel wird sich am sp\u00e4ten Mittwochabend besonders lohnen. Dann ist ein eher seltenes Ereignis am Himmel zu sehen. \u201eFreie Presse\u201c hat Tipps zusammengestellt, von wo aus es sich besonders gut sehen l\u00e4sst.\t\t\t\t<\/p>\n<p>\t\t\t\t Relativ wenig Wolken vorausgesetzt, ist am Mittwochabend ein besonders spektakul\u00e4res Himmelsereignis zu bestaunen. Der Junivollmond wird auch Erdbeermond genannt. Das h\u00e4ngt aber weniger mit der derzeit durch den Rauch der kanadischen Waldbr\u00e4nde in der Atmosph\u00e4re verst\u00e4rkten F\u00e4rbung zusammen, sondern mit der im aktuellen Monat stattfindenden&#8230;<\/p>\n<p>\t\t<img decoding=\"async\" class=\"fp-plus-logo\" src=\"https:\/\/www.europesays.com\/de\/wp-content\/uploads\/2025\/04\/fpplus.svg.svg+xml\" alt=\"Freie Presse plus Logo\"\/><\/p>\n<p>Registrieren und testen.<\/p>\n<p>Jetzt mit Ihrer Registrierung 1 Monat gratis testen und alle Beitr\u00e4ge lesen.<\/p>\n<p>Schon Abonnent? Melden Sie sich mit ihren Zugangsdaten an.<\/p>\n","protected":false},"excerpt":{"rendered":"Ein Blick in den Nachthimmel wird sich am sp\u00e4ten Mittwochabend besonders lohnen. Dann ist ein eher seltenes Ereignis&hellip;\n","protected":false},"author":2,"featured_media":180493,"comment_status":"","ping_status":"","sticky":false,"template":"","format":"standard","meta":{"footnotes":""},"categories":[1851],"tags":[2770,3364,29,548,663,3934,30,13,14,15,859,12,3866],"class_list":{"0":"post-180492","1":"post","2":"type-post","3":"status-publish","4":"format-standard","5":"has-post-thumbnail","7":"category-chemnitz","8":"tag-chemnitz","9":"tag-de","10":"tag-deutschland","11":"tag-eu","12":"tag-europa","13":"tag-europe","14":"tag-germany","15":"tag-headlines","16":"tag-nachrichten","17":"tag-news","18":"tag-sachsen","19":"tag-schlagzeilen","20":"tag-veranstaltungen"},"share_on_mastodon":{"url":"https:\/\/pubeurope.com\/@de\/114661605216277849","error":""},"_links":{"self":[{"href":"https:\/\/www.europesays.com\/de\/wp-json\/wp\/v2\/posts\/180492","targetHints":{"allow":["GET"]}}],"collection":[{"href":"https:\/\/www.europesays.com\/de\/wp-json\/wp\/v2\/posts"}],"about":[{"href":"https:\/\/www.europesays.com\/de\/wp-json\/wp\/v2\/types\/post"}],"author":[{"embeddable":true,"href":"https:\/\/www.europesays.com\/de\/wp-json\/wp\/v2\/users\/2"}],"replies":[{"embeddable":true,"href":"https:\/\/www.europesays.com\/de\/wp-json\/wp\/v2\/comments?post=180492"}],"version-history":[{"count":0,"href":"https:\/\/www.europesays.com\/de\/wp-json\/wp\/v2\/posts\/180492\/revisions"}],"wp:featuredmedia":[{"embeddable":true,"href":"https:\/\/www.europesays.com\/de\/wp-json\/wp\/v2\/media\/180493"}],"wp:attachment":[{"href":"https:\/\/www.europesays.com\/de\/wp-json\/wp\/v2\/media?parent=180492"}],"wp:term":[{"taxonomy":"category","embeddable":true,"href":"https:\/\/www.europesays.com\/de\/wp-json\/wp\/v2\/categories?post=180492"},{"taxonomy":"post_tag","embeddable":true,"href":"https:\/\/www.europesays.com\/de\/wp-json\/wp\/v2\/tags?post=180492"}],"curies":[{"name":"wp","href":"https:\/\/api.w.org\/{rel}","templated":true}]}}