{"id":180721,"date":"2025-06-11T01:23:16","date_gmt":"2025-06-11T01:23:16","guid":{"rendered":"https:\/\/www.europesays.com\/de\/180721\/"},"modified":"2025-06-11T01:23:16","modified_gmt":"2025-06-11T01:23:16","slug":"huerth-umbau-der-ampelanlage-an-der-sudetenstrasse-gestartet","status":"publish","type":"post","link":"https:\/\/www.europesays.com\/de\/180721\/","title":{"rendered":"H\u00fcrth: Umbau der Ampelanlage an der Sudetenstra\u00dfe gestartet"},"content":{"rendered":"<p class=\"small date article__date\">Ver\u00f6ffentlicht:\u00a0Dienstag, 10.06.2025 17:30<\/p>\n<p>An der Kreuzung Sudetenstra\u00dfe\/Frechener Stra\u00dfe in H\u00fcrth wird die Ampelanlage umgebaut. Ziel ist es, gef\u00e4hrliche Situationen zwischen abbiegenden Fahrzeugen und Radfahrern oder Fu\u00dfg\u00e4ngern zu verhindern.<\/p>\n<p><img decoding=\"async\" alt=\"\" src=\"https:\/\/www.europesays.com\/de\/wp-content\/uploads\/2025\/06\/unfall-sudetenstrasse.jpg&#038;crop=0x940x3024x1890&#038;resize=1280x800&#038;dt=202312201506110.jpeg\" data-size=\"1280x800\"\/>\u00a9 Radio Erft<\/p>\n<p>An der Kreuzung zwischen der Sudetenstra\u00dfe und der Frechener Stra\u00dfe laufen derzeit die Vorarbeiten f\u00fcr den Umbau der Ampelanlage. Der Landesbetrieb Stra\u00dfen NRW hat mit den Arbeiten begonnen, nachdem der urspr\u00fcnglich f\u00fcr Anfang April geplante Start wegen Kanalarbeiten der Stadt verschoben werden musste.<\/p>\n<p>Der Umbau ist eine Reaktion auf einen tragischen Unfall im Dezember 2021, bei dem ein Jugendlicher ums Leben kam. Der Jugendliche war mit seinem Fahrrad geradeaus \u00fcber die Kreuzung gefahren, w\u00e4hrend ein rechtsabbiegender LKW-Fahrer ihn \u00fcbersah. Beide hatten zu diesem Zeitpunkt gr\u00fcnes Licht.<\/p>\n<p>Um solche Unf\u00e4lle k\u00fcnftig zu verhindern, wird die Ampelschaltung so angepasst, dass abbiegende Fahrzeuge und Fu\u00dfg\u00e4nger sowie Radfahrer nicht mehr gleichzeitig gr\u00fcnes Licht haben. Diese \u00c4nderung soll die Sicherheit an der Kreuzung deutlich erh\u00f6hen.<\/p>\n<p>Nach intensiven Diskussionen \u00fcber die optimale L\u00f6sung haben sich die Verantwortlichen auf die jetzige Variante geeinigt. Wenn alles nach Plan verl\u00e4uft, soll die neue Ampelanlage Anfang Juli in Betrieb genommen werden.<\/p>\n<p>Weitere Themen von Rhein und Erft<\/p>\n","protected":false},"excerpt":{"rendered":"Ver\u00f6ffentlicht:\u00a0Dienstag, 10.06.2025 17:30 An der Kreuzung Sudetenstra\u00dfe\/Frechener Stra\u00dfe in H\u00fcrth wird die Ampelanlage umgebaut. Ziel ist es, gef\u00e4hrliche&hellip;\n","protected":false},"author":2,"featured_media":180722,"comment_status":"","ping_status":"","sticky":false,"template":"","format":"standard","meta":{"footnotes":""},"categories":[1828],"tags":[49544,60796,60795,29,30,1420,1209],"class_list":{"0":"post-180721","1":"post","2":"type-post","3":"status-publish","4":"format-standard","5":"has-post-thumbnail","7":"category-koeln","8":"tag-hrth","9":"tag-sudetenstrae-kreuzung-frechener-strae","10":"tag-sudetenstrae","11":"tag-deutschland","12":"tag-germany","13":"tag-koeln","14":"tag-nordrhein-westfalen"},"share_on_mastodon":{"url":"https:\/\/pubeurope.com\/@de\/114662120227305474","error":""},"_links":{"self":[{"href":"https:\/\/www.europesays.com\/de\/wp-json\/wp\/v2\/posts\/180721","targetHints":{"allow":["GET"]}}],"collection":[{"href":"https:\/\/www.europesays.com\/de\/wp-json\/wp\/v2\/posts"}],"about":[{"href":"https:\/\/www.europesays.com\/de\/wp-json\/wp\/v2\/types\/post"}],"author":[{"embeddable":true,"href":"https:\/\/www.europesays.com\/de\/wp-json\/wp\/v2\/users\/2"}],"replies":[{"embeddable":true,"href":"https:\/\/www.europesays.com\/de\/wp-json\/wp\/v2\/comments?post=180721"}],"version-history":[{"count":0,"href":"https:\/\/www.europesays.com\/de\/wp-json\/wp\/v2\/posts\/180721\/revisions"}],"wp:featuredmedia":[{"embeddable":true,"href":"https:\/\/www.europesays.com\/de\/wp-json\/wp\/v2\/media\/180722"}],"wp:attachment":[{"href":"https:\/\/www.europesays.com\/de\/wp-json\/wp\/v2\/media?parent=180721"}],"wp:term":[{"taxonomy":"category","embeddable":true,"href":"https:\/\/www.europesays.com\/de\/wp-json\/wp\/v2\/categories?post=180721"},{"taxonomy":"post_tag","embeddable":true,"href":"https:\/\/www.europesays.com\/de\/wp-json\/wp\/v2\/tags?post=180721"}],"curies":[{"name":"wp","href":"https:\/\/api.w.org\/{rel}","templated":true}]}}