{"id":180783,"date":"2025-06-11T02:00:15","date_gmt":"2025-06-11T02:00:15","guid":{"rendered":"https:\/\/www.europesays.com\/de\/180783\/"},"modified":"2025-06-11T02:00:15","modified_gmt":"2025-06-11T02:00:15","slug":"pflegeprojekt-der-bbs-woerth-hilfe-fuer-uganda-und-mehr-kreis-germersheim","status":"publish","type":"post","link":"https:\/\/www.europesays.com\/de\/180783\/","title":{"rendered":"Pflegeprojekt der BBS W\u00f6rth: Hilfe f\u00fcr Uganda und mehr &#8211; Kreis Germersheim"},"content":{"rendered":"<p class=\"rhp-dpa-teaser\"><b>Seit M\u00e4rz 2021 besteht ein Freundschaftsvertrag zwischen der BBS W\u00f6rth und einer Pflegeschule in Uganda. Eine  Reise zeigte unerwartete Herausforderungen und Chancen.<\/b><\/p>\n<p>Die Pflegeschule der Berufsbildenden Schule (BBS) in <a class=\"rtr-entity\" data-rtr-entity=\"W\u00f6rth\" data-rtr-id=\"c68b4afdf45a0ab361d35b4a6813e0800f76b867\" data-rtr-score=\"100.82080924855491\" data-rtr-etype=\"location\" data-rtr-index=\"21\" href=\"https:\/\/www.rheinpfalz.de\/themen\/woerth-am-rhein?utm_source=rheinpfalz.de&amp;utm_medium=tms&amp;utm_campaign=intext\" target=\"_blank\" rel=\"noopener\">W\u00f6rth<\/a> hat nach Angaben von deren Leiter Dietmar Wehrmaker 120 Sch\u00fcler. Nach ihrer Ausbildung haben eigentlich alle gesichert einen Arbeitsplatz, wenn sie m\u00f6chten. Denn <a class=\"rtr-entity\" data-rtr-entity=\"Deutschland\" data-rtr-id=\"6c48d7d5b099c64b41367070a52ae27833560fd5\" data-rtr-score=\"7.1531791907514455\" data-rtr-etype=\"location\" data-rtr-index=\"8\" href=\"https:\/\/www.rheinpfalz.de\/themen\/deutschland?utm_source=rheinpfalz.de&amp;utm_medium=tms&amp;utm_campaign=intext\" target=\"_blank\" rel=\"noopener\">Deutschland<\/a> besteht ein Mangel an diesen Fachkr\u00e4ften. Anders ist dies in Uganda. <\/p>\n<p>Seit M\u00e4rz 2021 <a href=\"https:\/\/www.rheinpfalz.de\/lokal\/kreis-germersheim_artikel,-pflege-partnerschaft-mit-uganda-_arid,5267079.html\" target=\"_blank\" class=\"external-link-new-window\" title=\"\" rel=\"noopener\">existiert ein Freundschaftsvertrag zwischen der Sozialstation<\/a> <a class=\"rtr-entity\" data-rtr-entity=\"R\u00fclzheim\" data-rtr-id=\"438def70a2e0289aca86420e4a1bc983a7b21a2a\" data-rtr-score=\"6.615916597853014\" data-rtr-etype=\"location\" data-rtr-index=\"13\" href=\"https:\/\/www.rheinpfalz.de\/themen\/ruelzheim?utm_source=rheinpfalz.de&amp;utm_medium=tms&amp;utm_campaign=intext\" target=\"_blank\" rel=\"noopener\">R\u00fclzheim<\/a>, <a class=\"rtr-entity\" data-rtr-entity=\"Bellheim\" data-rtr-id=\"c4b8cb5fe43bea496ee599c9a6e1b8ac8be040e4\" data-rtr-score=\"6.60043352601156\" data-rtr-etype=\"location\" data-rtr-index=\"14\" href=\"https:\/\/www.rheinpfalz.de\/themen\/bellheim?utm_source=rheinpfalz.de&amp;utm_medium=tms&amp;utm_campaign=intext\" target=\"_blank\" rel=\"noopener\">Bellheim<\/a>, <a class=\"rtr-entity\" data-rtr-entity=\"Jockgrim\" data-rtr-id=\"a3991e8c9cd2ee8cd0c7ebc20e3512299d4d60d5\" data-rtr-score=\"6.584950454170107\" data-rtr-etype=\"location\" data-rtr-index=\"15\" href=\"https:\/\/www.rheinpfalz.de\/themen\/jockgrim?utm_source=rheinpfalz.de&amp;utm_medium=tms&amp;utm_campaign=intext\" target=\"_blank\" rel=\"noopener\">Jockgrim<\/a>, der Pflegeschule der BBS W\u00f6rth und der Schule f\u00fcr Kranken- und Altenpflegerinnen sowie f\u00fcr Hebammen in Kooki, Uganda. Die Idee zur dortigen Krankenpflegeschule hatte Pfarrer Rogers Biriija, der derzeit im Bistum M\u00fcnster seiner Arbeit als Seelsorger nachgeht. Ab September soll er BBS-Schulleiter Alexander Ott zufolge wieder in der <a class=\"rtr-entity\" data-rtr-entity=\"S\u00fcdpfalz\" data-rtr-id=\"2bde30373e6b6bb84c7c65a1928870d244db6dbc\" data-rtr-score=\"6.055429397192403\" data-rtr-etype=\"location\" data-rtr-index=\"16\" href=\"https:\/\/www.rheinpfalz.de\/lokal\/kreis-suedliche-weinstrasse.html?utm_source=rheinpfalz.de&amp;utm_medium=tms&amp;utm_campaign=intext\" target=\"_blank\" rel=\"noopener\">S\u00fcdpfalz<\/a>, diesmal in der Pfarrei <a class=\"rtr-entity\" data-rtr-entity=\"Germersheim\" data-rtr-id=\"d7b602fbab4b8b937cfc27c1ac1879f6b4ca215d\" data-rtr-score=\"12.008670520231213\" data-rtr-etype=\"location\" data-rtr-index=\"9\" href=\"https:\/\/www.rheinpfalz.de\/lokal\/kreis-germersheim.html?utm_source=rheinpfalz.de&amp;utm_medium=tms&amp;utm_campaign=intext\" target=\"_blank\" rel=\"noopener\">Germersheim<\/a>, seinen Dienst versehen. Ott, Wehrmaker und Lena H\u00f6ffel, Pflegelehrkraft an der BBS, Pfarrer Rogers und weitere Teilnehmer besuchten k\u00fcrzlich \u00fcber ein Erasmus-Programm eine Woche lang die Partnerschule, deren Mitgr\u00fcnder einige Jahre nach der Jahrtausendwende Pfarrer Rogers war. \u201e1400 Sch\u00fcler gibt es dort, von der Grundschule bis zum Gymnasium\u201c, sagt Lena H\u00f6ffel. Hinzu k\u00e4men noch Kindergartenkinder und \u201egut 200 Pflegesch\u00fcler\u201c, erg\u00e4nzt Wehrmaker. <\/p>\n<p><img decoding=\"async\" loading=\"lazy\" src=\"https:\/\/www.europesays.com\/de\/wp-content\/uploads\/2025\/06\/6772268_4_articledetail_pflege3.webp.webp\" alt=\"Der Fachraum der Pflegeschule in Kooki. \" title=\"Der Fachraum der Pflegeschule in Kooki. \" width=\"753\" height=\"502\" class=\"nfy-mobile-first\"\/> Der Fachraum der Pflegeschule in Kooki.Foto: Alexander Ott\/oho<\/p>\n<p>Der Besuch in Kooki diente Schulleiter Ott dazu, die Beteiligten n\u00e4her kennenzulernen und sich ein Bild von der dortigen Situation zu machen. Wehrmaker zeigte sich von dem gr\u00fcnen Flecken, auf dem Schulen und Kindergarten stehen, beeindruckt. In den Orten drumherum und vielen anderen gebe es sehr wenig Arbeit f\u00fcr die Menschen, viele hielten sich mit einem kleinen Laden \u00fcber Wasser. Um den Start der Pflegeschule 2021 zu unterst\u00fctzen, hatte die BBS vor einigen Jahren einen Spendenlauf organisiert \u2013 \u201e2300 Euro kamen zusammen\u201c, sagt Wehrmaker. Nun gelte es, der Partnerschule wieder zu helfen. Denn beim Besuch habe man auch Sch\u00fcler vorgestellt bekommen, die sich das Schulgeld derzeit nicht leisten k\u00f6nnen. Das betrage 500 Euro f\u00fcr ein Semester. Zweieinhalb Jahre dauere die Ausbildung. Allerdings, \u201ewenn die Pflegesch\u00fcler ihre Ausbildung beendet haben, dann werden eventuell nur f\u00fcnf davon einen Job beim Staat erhalten, in einem Krankenhaus\u201c, sch\u00e4tzt Wehrmaker. Pflegeheime f\u00fcr \u00e4ltere Menschen gebe es nicht. <\/p>\n<p><img decoding=\"async\" loading=\"lazy\" src=\"https:\/\/www.europesays.com\/de\/wp-content\/uploads\/2025\/06\/6772269_4_articledetail_pflege4.webp.webp\" alt=\"Sch\u00fcler des Gymnasiums in Kooki begr\u00fc\u00dfen die G\u00e4ste aus Deutschland. \" title=\"Sch\u00fcler des Gymnasiums in Kooki begr\u00fc\u00dfen die G\u00e4ste aus Deutschland. \" width=\"753\" height=\"502\" class=\"nfy-mobile-first\"\/> Sch\u00fcler des Gymnasiums in Kooki begr\u00fc\u00dfen die G\u00e4ste aus Deutschland.Foto: Alexander Ott\/oho<\/p>\n<p>Ott, Wehrmaker und H\u00f6ffel entwickeln derzeit Ideen, wie die Partnerschaft vertieft werden kann und beide Schulen davon profitieren k\u00f6nnen. So m\u00f6chte Wehrmaker unter anderem mit der katholischen Gemeinde in W\u00f6rth versuchen, Patenschaften f\u00fcr die Sch\u00fcler ins Leben zu rufen, mit denen das Schulgeld \u00fcbernommen werden kann. Ziel sei eine Unterst\u00fctzung f\u00fcr einen Sch\u00fcler von 30 Euro pro Monat. Dies k\u00f6nnten sich eventuell auch mehrere Personen teilen. Auch ein F\u00f6rderverein f\u00fcr die ugandische Schule w\u00e4re denkbar. \u201eKommendes Schuljahr werden wir wahrscheinlich wieder einen Spendenlauf organisieren\u201c, erg\u00e4nzt Alexander Ott. Mit diesem k\u00f6nne ein Gegenbesuch der dortigen Schulleitung finanziert werden. F\u00fcr Ott sei es wichtig, dass diese die Standards der hiesigen Schule, die Abl\u00e4ufe etc. kennenlernen. So werde es unter Umst\u00e4nden auch einfacher, Abschl\u00fcsse anzuerkennen. Derzeit m\u00fcssten Pflegekr\u00e4fte aus anderen L\u00e4ndern hier nochmals die Schulbank dr\u00fccken. <\/p>\n<p><img decoding=\"async\" loading=\"lazy\" src=\"https:\/\/www.europesays.com\/de\/wp-content\/uploads\/2025\/06\/6772270_4_articledetail_pflege2.webp.webp\" alt=\"Besuch in Kooki (v. li.) Lena H\u00f6ffel, Anthony (Leiter der Schul- und Krankenhausverwaltung), Dietmar Wehrmaker, Imelda (Schullei\" title=\"Besuch in Kooki (v. li.) Lena H\u00f6ffel, Anthony (Leiter der Schul- und Krankenhausverwaltung), Dietmar Wehrmaker, Imelda (Schullei\" width=\"753\" height=\"502\" class=\"nfy-mobile-first\"\/> Besuch in Kooki (v. li.) Lena H\u00f6ffel, Anthony (Leiter der Schul- und Krankenhausverwaltung), Dietmar Wehrmaker, Imelda (Schulleiterin der Pflegeschule), BBS Schulleiter Alexander Ott.Foto: Alexander Ott\/oho<\/p>\n<p>Neben der fachlichen Qualifikation gehe es auch um die deutsche Sprache. Die Pflegekr\u00e4fte oder -sch\u00fcler aus anderen L\u00e4ndern m\u00fcssen Texte gut verstehen und sich flie\u00dfend mit jemandem unterhalten k\u00f6nnen. \u201eDas entspricht dem Niveau von B2\u201c, sagt Ott. Dass das meist nicht so ist, haben Lehrerinnen wie Lena H\u00f6ffel im Unterricht erfahren. Ein gro\u00dfer Teil der Pflegesch\u00fcler in W\u00f6rth kommt aus dem Ausland \u2013 nur ein kleiner Teil hat Ott zufolge keinen Migrationshintergrund. Entsprechend schwierig sei das mit der Sprache und \u201eum den Unterrichtsstoff an die Sch\u00fcler zu bringen\u201c, sagt H\u00f6ffel. Zwar werde den Sch\u00fclern oftmals ein B2-Standard attestiert, nach einem Abschluss in ihrem Heimatland, \u201edoch schon bei einer Nachfrage, was sie gestern gemacht haben, verstehen sie die Frage nicht\u201c, sagt Ott. Und da die Pflegelehrkr\u00e4fte am Ende die Pr\u00fcfung abnehmen, werde inzwischen verst\u00e4rkt auch Wert auf die deutsche Sprache gelegt. \u00dcber mehrere Kan\u00e4le werde versucht, zus\u00e4tzliche Deutschstunden zu organisieren. <\/p>\n<p>In Kooki wird nun ebenfalls nach Ende der Pflegeschule ein Deutschkurs angeboten, der derzeit mit B1 ende. F\u00fcr den Besuch der Pflegeschule in W\u00f6rth reicht das jedoch nicht. Deshalb ist es aus Sicht der drei W\u00f6rther Lehrkr\u00e4fte wichtig, den Kontakt zu verst\u00e4rken, damit Schulabg\u00e4nger von dort vielleicht hier eine berufliche Zukunft haben. Der Bedarf ist laut Wehrmaker da.<\/p>\n","protected":false},"excerpt":{"rendered":"Seit M\u00e4rz 2021 besteht ein Freundschaftsvertrag zwischen der BBS W\u00f6rth und einer Pflegeschule in Uganda. Eine Reise zeigte&hellip;\n","protected":false},"author":2,"featured_media":180784,"comment_status":"","ping_status":"","sticky":false,"template":"","format":"standard","meta":{"footnotes":""},"categories":[1844],"tags":[60812,1634,60816,23794,3364,29,30,16534,27726,8903,60817,39550,60814,4060,60811,60813,60815,34781,50580,26148],"class_list":{"0":"post-180783","1":"post","2":"type-post","3":"status-publish","4":"format-standard","5":"has-post-thumbnail","7":"category-karlsruhe","8":"tag-alexander-ott","9":"tag-baden-wuerttemberg","10":"tag-bellheim","11":"tag-bistum-muenster","12":"tag-de","13":"tag-deutschland","14":"tag-germany","15":"tag-germersheim","16":"tag-jockgrim","17":"tag-karlsruhe","18":"tag-kooki","19":"tag-kreis-germersheim","20":"tag-lena-hoeffel","21":"tag-lokal","22":"tag-pflegeprojekt","23":"tag-pflegeschule","24":"tag-ruelzheim","25":"tag-suedpfalz","26":"tag-uganda","27":"tag-woerth"},"share_on_mastodon":{"url":"https:\/\/pubeurope.com\/@de\/114662265644367531","error":""},"_links":{"self":[{"href":"https:\/\/www.europesays.com\/de\/wp-json\/wp\/v2\/posts\/180783","targetHints":{"allow":["GET"]}}],"collection":[{"href":"https:\/\/www.europesays.com\/de\/wp-json\/wp\/v2\/posts"}],"about":[{"href":"https:\/\/www.europesays.com\/de\/wp-json\/wp\/v2\/types\/post"}],"author":[{"embeddable":true,"href":"https:\/\/www.europesays.com\/de\/wp-json\/wp\/v2\/users\/2"}],"replies":[{"embeddable":true,"href":"https:\/\/www.europesays.com\/de\/wp-json\/wp\/v2\/comments?post=180783"}],"version-history":[{"count":0,"href":"https:\/\/www.europesays.com\/de\/wp-json\/wp\/v2\/posts\/180783\/revisions"}],"wp:featuredmedia":[{"embeddable":true,"href":"https:\/\/www.europesays.com\/de\/wp-json\/wp\/v2\/media\/180784"}],"wp:attachment":[{"href":"https:\/\/www.europesays.com\/de\/wp-json\/wp\/v2\/media?parent=180783"}],"wp:term":[{"taxonomy":"category","embeddable":true,"href":"https:\/\/www.europesays.com\/de\/wp-json\/wp\/v2\/categories?post=180783"},{"taxonomy":"post_tag","embeddable":true,"href":"https:\/\/www.europesays.com\/de\/wp-json\/wp\/v2\/tags?post=180783"}],"curies":[{"name":"wp","href":"https:\/\/api.w.org\/{rel}","templated":true}]}}