{"id":180922,"date":"2025-06-11T03:22:20","date_gmt":"2025-06-11T03:22:20","guid":{"rendered":"https:\/\/www.europesays.com\/de\/180922\/"},"modified":"2025-06-11T03:22:20","modified_gmt":"2025-06-11T03:22:20","slug":"verfahren-gegen-moegliche-unterstuetzerin-des-trios-um-zschaepe-beginnt","status":"publish","type":"post","link":"https:\/\/www.europesays.com\/de\/180922\/","title":{"rendered":"Verfahren gegen m\u00f6gliche Unterst\u00fctzerin des Trios um Zsch\u00e4pe beginnt"},"content":{"rendered":"<p>Entschluss des Bundesgerichtshofs <\/p>\n<p>Mutma\u00dfliche NSU-Unterst\u00fctzerin muss vor Gericht<\/p>\n<p>10.06.2025 &#8211; 13:41 UhrLesedauer: 1 Min.<\/p>\n<p><a href=\"#focus-0\" class=\"transition-colors duration-200 focus-within:text-magenta block text-current relative\" data-sctrack=\"FocusGalleryImage.Reference\"><img fetchpriority=\"high\" data-testid=\"Opener.Image\" style=\"--lqipURL:url('https:\/\/images.t-online.de\/2025\/05\/MWOJSH5uKTBN\/0x90:2048x1152\/fit-in\/150x0\/filters:blur(25)\/die-bundesanwaltschaft-geht-gegen-eine-mutmassliche-rechtsextreme-terrorzelle-vor-symbolfoto.jpg')\"   loading=\"eager\" src=\"https:\/\/www.europesays.com\/de\/wp-content\/uploads\/2025\/06\/die-bundesanwaltschaft-geht-gegen-eine-mutmassliche-rechtsextreme-terrorzelle-vor-symbolfoto.jpg\" alt=\"urn:newsml:dpa.com:20090101:250520-935-600431\" title=\"urn:newsml:dpa.com:20090101:250520-935-600431\" width=\"2048\" height=\"1152\" class=\"bg-[url:var(--lqipURL)] bg-cover bg-center flex w-full max-w-full h-full\" decoding=\"async\"\/><img style=\"--width:32;--height:32\" loading=\"lazy\" src=\"https:\/\/www.europesays.com\/de\/wp-content\/uploads\/2025\/05\/zoom-in.f7dae02f.svg.svg+xml\" alt=\"Vergr\u00f6\u00dfern des Bildes\" title=\"Vergr\u00f6\u00dfern des Bildes\" class=\"&#10;        block&#10;        h-[calc(var(--height)_\/_16_*_1rem)]&#10;        w-[calc(var(--width)_\/_16_*_1rem)]&#10;        max-w-none&#10;        absolute bottom-8 right-8 rounded-4 bg-snow p-8\" decoding=\"async\"\/><\/a><\/p>\n<p>Logo des Bundesgerichtshofs: Er hat die Anklage gegen eine mutma\u00dfliche Unterst\u00fctzerin des NSU zugelassen. (Quelle: Christoph Schmidt\/dpa)<\/p>\n<p class=\"font-bold text-18 leading-17\">Die NSU-Morde liegen fast 20 Jahre zur\u00fcck. Mit Susann E. wurde jetzt das Verfahren gegen eine mutma\u00dfliche Mitt\u00e4terin er\u00f6ffnet.<\/p>\n<p class=\"text-18 leading-17\">Eine mutma\u00dfliche Unterst\u00fctzerin der rechtsextremistischen Terrorzelle Nationalsozialistischer Untergrund (NSU) muss sich vor dem Oberlandesgericht <a class=\"transition-colors duration-200 cursor-pointer text-inherit no-underline text-salemsfur md:hover:text-magenta md:hover:border-magenta md:focus:text-magenta border-current border-b border-solid break-words\" href=\"https:\/\/www.t-online.de\/region\/dresden\/\" data-sctrack=\"BodyAnchor\" rel=\"nofollow noopener\" target=\"_blank\">Dresden<\/a> verantworten. Der <a class=\"transition-colors duration-200 cursor-pointer text-inherit no-underline text-salemsfur md:hover:text-magenta md:hover:border-magenta md:focus:text-magenta border-current border-b border-solid break-words\" href=\"https:\/\/www.t-online.de\/themen\/bgh\/\" data-sctrack=\"BodyAnchor\" rel=\"nofollow noopener\" target=\"_blank\">Bundesgerichtshof<\/a> (BGH) in Karlsruhe lie\u00df nach Angaben vom Dienstag die Anklage des Generalbundesanwalts gegen Susann E. zu und er\u00f6ffnete das Strafverfahren vor dem Oberlandesgericht. Dieses hatte die Anklage zuvor nur teilweise zugelassen und den Fall an das Landgericht <a class=\"transition-colors duration-200 cursor-pointer text-inherit no-underline text-salemsfur md:hover:text-magenta md:hover:border-magenta md:focus:text-magenta border-current border-b border-solid break-words\" href=\"https:\/\/www.t-online.de\/themen\/zwickau\/\" data-sctrack=\"BodyAnchor\" rel=\"nofollow noopener\" target=\"_blank\">Zwickau<\/a> verwiesen.<\/p>\n<p class=\"text-18 leading-17\">Obwohl E. mit der NSU-Mitt\u00e4terin Beate Zsch\u00e4pe befreundet war, sah das Oberlandesgericht keine hinreichenden Indizien daf\u00fcr, dass E. auch von den Morden des NSU wusste. Der Generalbundesanwalt wandte sich an den BGH, der die Lage anders beurteilte als das Dresdner Gericht. In seiner vorl\u00e4ufigen Bewertung sah er einen hinreichenden Tatverdacht.<\/p>\n<p class=\"text-18 leading-17\">Der Anklage zufolge soll E. sp\u00e4testens seit 2007 gewusst haben, dass das NSU-Trio Zsch\u00e4pe, Uwe B\u00f6hnhardt und Uwe Mundlos im Untergrund lebte. Sie soll ihre Krankenkassenkarte Zsch\u00e4pe zur Verf\u00fcgung gestellt haben, damit diese zum Arzt gehen konnte.<\/p>\n<p class=\"text-18 leading-17\">Zudem soll sie ihre Personalien f\u00fcr das Bestellen von Bahncards zur Verf\u00fcgung gestellt sowie Zsch\u00e4pe und B\u00f6hnhardt zu einem Abholtermin f\u00fcr ein Wohnmobil in <a class=\"transition-colors duration-200 cursor-pointer text-inherit no-underline text-salemsfur md:hover:text-magenta md:hover:border-magenta md:focus:text-magenta border-current border-b border-solid break-words\" href=\"https:\/\/www.t-online.de\/themen\/eisenach\/\" data-sctrack=\"BodyAnchor\" rel=\"nofollow noopener\" target=\"_blank\">Eisenach<\/a> gefahren haben. Das NSU-Trio ver\u00fcbte zehn Morde, zwei Bombenanschl\u00e4ge und ein gutes Dutzend \u00dcberf\u00e4lle.<\/p>\n","protected":false},"excerpt":{"rendered":"Entschluss des Bundesgerichtshofs Mutma\u00dfliche NSU-Unterst\u00fctzerin muss vor Gericht 10.06.2025 &#8211; 13:41 UhrLesedauer: 1 Min. Logo des Bundesgerichtshofs: Er&hellip;\n","protected":false},"author":2,"featured_media":180923,"comment_status":"","ping_status":"","sticky":false,"template":"","format":"standard","meta":{"footnotes":"","_share_on_mastodon":"0"},"categories":[1844],"tags":[326,1999,1634,416,6644,3364,29,60849,30,8903,417,60850,60848,7138],"class_list":["post-180922","post","type-post","status-publish","format-standard","has-post-thumbnail","category-karlsruhe","tag-326","tag-anklage","tag-baden-wuerttemberg","tag-beate-zschaepe","tag-bundesgerichtshof","tag-de","tag-deutschland","tag-entschluss","tag-germany","tag-karlsruhe","tag-nsu","tag-oberlandesgericht-dresden","tag-susann-e","tag-zwickau"],"share_on_mastodon":{"url":"https:\/\/pubeurope.com\/@de\/114662588142939667","error":""},"_links":{"self":[{"href":"https:\/\/www.europesays.com\/de\/wp-json\/wp\/v2\/posts\/180922","targetHints":{"allow":["GET"]}}],"collection":[{"href":"https:\/\/www.europesays.com\/de\/wp-json\/wp\/v2\/posts"}],"about":[{"href":"https:\/\/www.europesays.com\/de\/wp-json\/wp\/v2\/types\/post"}],"author":[{"embeddable":true,"href":"https:\/\/www.europesays.com\/de\/wp-json\/wp\/v2\/users\/2"}],"replies":[{"embeddable":true,"href":"https:\/\/www.europesays.com\/de\/wp-json\/wp\/v2\/comments?post=180922"}],"version-history":[{"count":0,"href":"https:\/\/www.europesays.com\/de\/wp-json\/wp\/v2\/posts\/180922\/revisions"}],"wp:featuredmedia":[{"embeddable":true,"href":"https:\/\/www.europesays.com\/de\/wp-json\/wp\/v2\/media\/180923"}],"wp:attachment":[{"href":"https:\/\/www.europesays.com\/de\/wp-json\/wp\/v2\/media?parent=180922"}],"wp:term":[{"taxonomy":"category","embeddable":true,"href":"https:\/\/www.europesays.com\/de\/wp-json\/wp\/v2\/categories?post=180922"},{"taxonomy":"post_tag","embeddable":true,"href":"https:\/\/www.europesays.com\/de\/wp-json\/wp\/v2\/tags?post=180922"}],"curies":[{"name":"wp","href":"https:\/\/api.w.org\/{rel}","templated":true}]}}