{"id":180999,"date":"2025-06-11T04:06:15","date_gmt":"2025-06-11T04:06:15","guid":{"rendered":"https:\/\/www.europesays.com\/de\/180999\/"},"modified":"2025-06-11T04:06:15","modified_gmt":"2025-06-11T04:06:15","slug":"kinderprinzenpaar-der-blauen-funken-jeck-seit-der-geburt","status":"publish","type":"post","link":"https:\/\/www.europesays.com\/de\/180999\/","title":{"rendered":"Kinderprinzenpaar der Blauen Funken: Jeck seit der Geburt"},"content":{"rendered":"<p class=\"text_ohne_einzug richtext text-em-55 !leading-serif mx-6 desktop:mx-0\"> Der zehnj\u00e4hrige Max Jansen und die gleichaltrige Franziska Heck haben den Karneval bereits in die Wiege gelegt bekommen \u2013 und zwar wortw\u00f6rtlich. Denn das erste gemeinsame Foto zierten Zepter und Kr\u00f6nchen des damaligen Prinzenpaars. Rolf III. und Novesia Jutta I. z\u00e4hlten zu ihren ersten Besuchern nach der Geburt. Kein Wunder, schlie\u00dflich sind auch die Eltern begeisterte Karnevalisten: Sowohl Cornelia Breuer-Heck und ihr Mann Bernd Heck als auch Anna und Dominik Jansen waren zu dieser Zeit bei den beiden Leibgarden des Prinzenpaares aktiv. Und so begann man bereits im Krankenhaus, \u00fcber die karnevalistische Zukunft des Nachwuchses zu philosophieren: \u201eW\u00e4re doch lustig, wenn die zwei irgendwann mal Prinzenpaar werden\u201c, scherzte Breuer-Heck. Heute \u2013 zehn Jahre sp\u00e4ter \u2013 bereiten sich Max und Franzi nun auf genau diese Rolle vor. Denn die beiden sind das neue Kinderprinzenpaar der Blauen Funken.<\/p>\n","protected":false},"excerpt":{"rendered":"Der zehnj\u00e4hrige Max Jansen und die gleichaltrige Franziska Heck haben den Karneval bereits in die Wiege gelegt bekommen&hellip;\n","protected":false},"author":2,"featured_media":181000,"comment_status":"","ping_status":"","sticky":false,"template":"","format":"standard","meta":{"footnotes":""},"categories":[1828],"tags":[29,60870,30,60869,1420,10430,1209],"class_list":{"0":"post-180999","1":"post","2":"type-post","3":"status-publish","4":"format-standard","5":"has-post-thumbnail","7":"category-koeln","8":"tag-deutschland","9":"tag-dominik-jansen","10":"tag-germany","11":"tag-heck","12":"tag-koeln","13":"tag-neuss","14":"tag-nordrhein-westfalen"},"share_on_mastodon":{"url":"https:\/\/pubeurope.com\/@de\/114662761122711955","error":""},"_links":{"self":[{"href":"https:\/\/www.europesays.com\/de\/wp-json\/wp\/v2\/posts\/180999","targetHints":{"allow":["GET"]}}],"collection":[{"href":"https:\/\/www.europesays.com\/de\/wp-json\/wp\/v2\/posts"}],"about":[{"href":"https:\/\/www.europesays.com\/de\/wp-json\/wp\/v2\/types\/post"}],"author":[{"embeddable":true,"href":"https:\/\/www.europesays.com\/de\/wp-json\/wp\/v2\/users\/2"}],"replies":[{"embeddable":true,"href":"https:\/\/www.europesays.com\/de\/wp-json\/wp\/v2\/comments?post=180999"}],"version-history":[{"count":0,"href":"https:\/\/www.europesays.com\/de\/wp-json\/wp\/v2\/posts\/180999\/revisions"}],"wp:featuredmedia":[{"embeddable":true,"href":"https:\/\/www.europesays.com\/de\/wp-json\/wp\/v2\/media\/181000"}],"wp:attachment":[{"href":"https:\/\/www.europesays.com\/de\/wp-json\/wp\/v2\/media?parent=180999"}],"wp:term":[{"taxonomy":"category","embeddable":true,"href":"https:\/\/www.europesays.com\/de\/wp-json\/wp\/v2\/categories?post=180999"},{"taxonomy":"post_tag","embeddable":true,"href":"https:\/\/www.europesays.com\/de\/wp-json\/wp\/v2\/tags?post=180999"}],"curies":[{"name":"wp","href":"https:\/\/api.w.org\/{rel}","templated":true}]}}