{"id":181088,"date":"2025-06-11T04:58:10","date_gmt":"2025-06-11T04:58:10","guid":{"rendered":"https:\/\/www.europesays.com\/de\/181088\/"},"modified":"2025-06-11T04:58:10","modified_gmt":"2025-06-11T04:58:10","slug":"morning-bid-europe-ist-dies-moeglicherweise-ein-rahmen-fuer-eine-einigung","status":"publish","type":"post","link":"https:\/\/www.europesays.com\/de\/181088\/","title":{"rendered":"MORNING BID EUROPE \u2013 Ist dies m\u00f6glicherweise ein Rahmen f\u00fcr eine Einigung?"},"content":{"rendered":"<p>            Ein Ausblick auf den bevorstehenden Tag an den europ\u00e4ischen und globalen M\u00e4rkten von Wayne Cole. Es scheint also, als h\u00e4tten sie einen Plan f\u00fcr einen Vorschlag zu einem Rahmenabkommen, um den aktuellen Handelsstreit zwischen den USA und China beizulegen. Dieser war nur notwendig geworden, weil Pr\u00e4sident Trump in einem Tweet behauptet hatte, Peking habe das alte Abkommen gebrochen.<\/p>\n<p>Dieses Abkommen muss nun von Trump und Xi genehmigt und anschlie\u00dfend umgesetzt werden. Zumindest die chinesische Seite bezeichnete die Gespr\u00e4che als \u201erational\u201d, was einen Schritt nach vorne darstellt.<\/p>\n<p>Details waren rar, aber das US-Team behauptete, dass es Chinas Exportbeschr\u00e4nkungen f\u00fcr Seltenerdmetalle und Magnete aufheben w\u00fcrde. Was Peking im Gegenzug erhalten w\u00fcrde, war noch unklar.<\/p>\n<p>Ebenso wenig war klar, ob dieser Waffenstillstand l\u00e4nger halten w\u00fcrde als der letzte, was m\u00f6glicherweise der Grund f\u00fcr die zun\u00e4chst verhaltene Reaktion der M\u00e4rkte war. Die US-amerikanischen und europ\u00e4ischen Aktienfutures gaben alle zwischen 0,2 % und 0,6 % nach, w\u00e4hrend die asiatischen Aktien leicht zulegten.<\/p>\n<p>Es bleibt noch die Frage, ob die Z\u00f6lle vom 2. April tats\u00e4chlich rechtm\u00e4\u00dfig sind, da ein Bundesberufungsgericht die Z\u00f6lle w\u00e4hrend der \u00dcberpr\u00fcfung einer Entscheidung eines untergeordneten Gerichts, die diese blockiert, in Kraft belassen hat.<\/p>\n<p>Der Dollar und die US-Staatsanleihen blieben nahezu unver\u00e4ndert, da sp\u00e4ter am Tag die Ver\u00f6ffentlichung des US-Verbraucherpreisindexes ansteht und jede positive \u00dcberraschung die Stagflations\u00e4ngste sch\u00fcren und beiden M\u00e4rkten schaden w\u00fcrde.<\/p>\n<p>Analysten gehen davon aus, dass die Energiepreise den Anstieg des Gesamtindex auf 0,2 % begrenzen werden, w\u00e4hrend der Kernindex um 0,3 % steigen d\u00fcrfte. Die Aufmerksamkeit wird sich darauf richten, ob sich die Z\u00f6lle in den Warenpreisen niederschlagen, auch wenn die vollen Auswirkungen wahrscheinlich erst ab Juni zu sp\u00fcren sein werden. Die Volatilit\u00e4tsindikatoren deuten darauf hin, dass die Anleger nicht wirklich auf hohe Zahlen vorbereitet sind, sodass alles, was im Rahmen der Erwartungen liegt, eine Erleichterung w\u00e4re.<\/p>\n<p>Auch die US-Staatsanleihen stehen vor einer 10-j\u00e4hrigen Auktion, wobei der Fokus auf dem Anteil indirekter Bieter, darunter ausl\u00e4ndische Zentralbanken, liegt. Letztere nahmen im Mai 71 % der Anleihen, w\u00e4hrend Prim\u00e4rh\u00e4ndler nur 8,9 % erhielten. Eine Wiederholung dieses Ergebnisses w\u00fcrde sehr begr\u00fc\u00dft werden.<\/p>\n<p>Wichtige Entwicklungen, die die M\u00e4rkte am Mittwoch beeinflussen k\u00f6nnten:<\/p>\n<p>* Lohnentwicklung laut EZB. Auftritte von EZB-Ratsmitgliedern Gabriel Makhlouf, Piero Cipollone, Philip Lane und Claudia Buch sowie des politischen Entscheidungstr\u00e4gers Yiannis Stournaras<\/p>\n<p>* Die britische Finanzministerin Rachel Reeves ver\u00f6ffentlicht die Ausgaben\u00fcberpr\u00fcfung<\/p>\n<p>* US-Verbraucherpreisindex f\u00fcr Mai<\/p>\n","protected":false},"excerpt":{"rendered":"Ein Ausblick auf den bevorstehenden Tag an den europ\u00e4ischen und globalen M\u00e4rkten von Wayne Cole. Es scheint also,&hellip;\n","protected":false},"author":2,"featured_media":181089,"comment_status":"","ping_status":"","sticky":false,"template":"","format":"standard","meta":{"footnotes":""},"categories":[3933],"tags":[331,332,665,548,663,158,3934,3935,13,14,15,12],"class_list":{"0":"post-181088","1":"post","2":"type-post","3":"status-publish","4":"format-standard","5":"has-post-thumbnail","7":"category-eu","8":"tag-aktuelle-nachrichten","9":"tag-aktuelle-news","10":"tag-boerse","11":"tag-eu","12":"tag-europa","13":"tag-europaeische-union","14":"tag-europe","15":"tag-european-union","16":"tag-headlines","17":"tag-nachrichten","18":"tag-news","19":"tag-schlagzeilen"},"share_on_mastodon":{"url":"https:\/\/pubeurope.com\/@de\/114662966249025564","error":""},"_links":{"self":[{"href":"https:\/\/www.europesays.com\/de\/wp-json\/wp\/v2\/posts\/181088","targetHints":{"allow":["GET"]}}],"collection":[{"href":"https:\/\/www.europesays.com\/de\/wp-json\/wp\/v2\/posts"}],"about":[{"href":"https:\/\/www.europesays.com\/de\/wp-json\/wp\/v2\/types\/post"}],"author":[{"embeddable":true,"href":"https:\/\/www.europesays.com\/de\/wp-json\/wp\/v2\/users\/2"}],"replies":[{"embeddable":true,"href":"https:\/\/www.europesays.com\/de\/wp-json\/wp\/v2\/comments?post=181088"}],"version-history":[{"count":0,"href":"https:\/\/www.europesays.com\/de\/wp-json\/wp\/v2\/posts\/181088\/revisions"}],"wp:featuredmedia":[{"embeddable":true,"href":"https:\/\/www.europesays.com\/de\/wp-json\/wp\/v2\/media\/181089"}],"wp:attachment":[{"href":"https:\/\/www.europesays.com\/de\/wp-json\/wp\/v2\/media?parent=181088"}],"wp:term":[{"taxonomy":"category","embeddable":true,"href":"https:\/\/www.europesays.com\/de\/wp-json\/wp\/v2\/categories?post=181088"},{"taxonomy":"post_tag","embeddable":true,"href":"https:\/\/www.europesays.com\/de\/wp-json\/wp\/v2\/tags?post=181088"}],"curies":[{"name":"wp","href":"https:\/\/api.w.org\/{rel}","templated":true}]}}