{"id":181142,"date":"2025-06-11T05:30:14","date_gmt":"2025-06-11T05:30:14","guid":{"rendered":"https:\/\/www.europesays.com\/de\/181142\/"},"modified":"2025-06-11T05:30:14","modified_gmt":"2025-06-11T05:30:14","slug":"hells-angels-prozess-in-muenchen-rockerkrieg-auf-offener-strasse","status":"publish","type":"post","link":"https:\/\/www.europesays.com\/de\/181142\/","title":{"rendered":"Hells-Angels-Prozess in M\u00fcnchen: Rockerkrieg auf offener Stra\u00dfe?"},"content":{"rendered":"<p>Prozess in M\u00fcnchen startet <\/p>\n<p>Hells Angels: Brutale Attacke auf offener Stra\u00dfe<\/p>\n<p>11.06.2025 &#8211; 07:13 UhrLesedauer: 2 Min.<\/p>\n<p><a href=\"#focus-0\" class=\"transition-colors duration-200 focus-within:text-magenta block text-current relative\" data-sctrack=\"FocusGalleryImage.Reference\"><img fetchpriority=\"high\" data-testid=\"Opener.Image\" style=\"--lqipURL:url('https:\/\/images.t-online.de\/2024\/07\/KqBK8p9Dn0WO\/0x13:3500x1969\/fit-in\/150x0\/filters:blur(25)\/hells-angels-wie-gefaehrlich-sind-sie-wirklich.png')\"   loading=\"eager\" src=\"https:\/\/www.europesays.com\/de\/wp-content\/uploads\/2025\/06\/hells-angels-wie-gefaehrlich-sind-sie-wirklich.png\" alt=\"Hells Angels: Wie gef\u00e4hrlich sind sie wirklich?\" title=\"Hells Angels: Wie gef\u00e4hrlich sind sie wirklich?\" width=\"3500\" height=\"1969\" class=\"bg-[url:var(--lqipURL)] bg-cover bg-center flex w-full max-w-full h-full\" decoding=\"async\"\/><img style=\"--width:32;--height:32\" loading=\"lazy\" src=\"https:\/\/www.europesays.com\/de\/wp-content\/uploads\/2025\/04\/zoom-in.f7dae02f.svg.svg+xml\" alt=\"Vergr\u00f6\u00dfern des Bildes\" title=\"Vergr\u00f6\u00dfern des Bildes\" class=\"&#10;        block&#10;        h-[calc(var(--height)_\/_16_*_1rem)]&#10;        w-[calc(var(--width)_\/_16_*_1rem)]&#10;        max-w-none&#10;        absolute bottom-8 right-8 rounded-4 bg-snow p-8\" decoding=\"async\"\/><\/a><\/p>\n<p>Die Hells Angels (Symbolbild): In der bayerischen Landeshauptstadt startet nun ein Gerichtsprozess gegen Mitglieder der Motorradgruppe. (Quelle: Reuters\/Privat \/reuters)<\/p>\n<p class=\"font-bold text-18 leading-17\">Mitten in M\u00fcnchen sollen Mitglieder einer Rockergruppe drei M\u00e4nner angegriffen haben \u2013 mit F\u00e4usten, Waffen und einem Van. Nun stehen sie vor Gericht.<\/p>\n<p class=\"text-18 leading-17\">Rohe Gewalt auf offener Stra\u00dfe \u2013 und das ausgerechnet in der M\u00fcnchner Innenstadt: F\u00fcnf Jahre nach einer brutalen Auseinandersetzung im Rockermilieu stehen dieser Tage drei M\u00e4nner vor dem Landgericht M\u00fcnchen I. Die Staatsanwaltschaft wirft ihnen unter anderem gef\u00e4hrliche K\u00f6rperverletzung vor.<\/p>\n<p class=\"text-18 leading-17\">Die Angeklagten \u2013 33, 35 und 39 Jahre alt \u2013 sollen im Juni 2020 drei M\u00e4nner in der N\u00e4he des Nordfriedhofs attackiert haben. Nach damaligen Ermittlungen der Polizei ging es um einen Streit zwischen rivalisierenden Rockergruppen. Die Angreifer sollen einer Abteilung der Hells Angels angeh\u00f6rt haben. Hauptziel des Angriffs: ein Mann, der mutma\u00dflich Kontakte zu einer Konkurrenzgruppierung hatte.<\/p>\n<p class=\"text-18 leading-17\">Laut Anklage schlugen und traten die drei mutma\u00dflichen Rocker auf ihre Opfer ein \u2013 mindestens eine Stichwaffe und eine Schusswaffe sollen ebenfalls zum Einsatz gekommen sein. Der 39-j\u00e4hrige Angeklagte soll dar\u00fcber hinaus mit einem Van direkt auf die M\u00e4nner zugefahren sein.<\/p>\n<p class=\"text-18 leading-17\">Der Hauptbetroffene der Attacke erlitt Stichverletzungen im R\u00fccken, zwei weitere M\u00e4nner wurden ebenfalls verletzt.<\/p>\n<p class=\"text-18 leading-17\">Die Tat sorgte f\u00fcr Aufsehen \u2013 nicht nur wegen ihrer Brutalit\u00e4t, sondern auch wegen der offensichtlichen Eskalation im Rockermilieu. Die Gruppierungen rund um die Hells Angels, Bandidos und Co. sind in M\u00fcnchen keine Unbekannten \u2013 wie gef\u00e4hrlich die Banden laut Einsch\u00e4tzung der Polizei wirklich sind, lesen Sie <a class=\"transition-colors duration-200 cursor-pointer text-inherit no-underline text-salemsfur md:hover:text-magenta md:hover:border-magenta md:focus:text-magenta border-current border-b border-solid break-words\" href=\"https:\/\/muenchen.t-online.de\/region\/muenchen\/id_100713830\/hells-angels-in-muenchen-so-gefaehrlich-sind-die-rocker-wirklich.html\" data-sctrack=\"BodyAnchor\" target=\"_blank\" rel=\"noopener\">hier<\/a>.<\/p>\n<p class=\"text-18 leading-17\">Ob es im vorliegenden Fall zu einem Urteil kommt und wie sich die angeklagten M\u00e4nner zu den Vorw\u00fcrfen \u00e4u\u00dfern werden, bleibt abzuwarten. Das Verfahren ist auf mehrere Verhandlungstage angesetzt.<\/p>\n","protected":false},"excerpt":{"rendered":"Prozess in M\u00fcnchen startet Hells Angels: Brutale Attacke auf offener Stra\u00dfe 11.06.2025 &#8211; 07:13 UhrLesedauer: 2 Min. Die&hellip;\n","protected":false},"author":2,"featured_media":181143,"comment_status":"","ping_status":"","sticky":false,"template":"","format":"standard","meta":{"footnotes":""},"categories":[1827],"tags":[772,29,30,12087,682,2553,60898,1268,121,18325,13163,12298,1997],"class_list":{"0":"post-181142","1":"post","2":"type-post","3":"status-publish","4":"format-standard","5":"has-post-thumbnail","7":"category-muenchen","8":"tag-bayern","9":"tag-deutschland","10":"tag-germany","11":"tag-hells-angels","12":"tag-koerperverletzung","13":"tag-landgericht-muenchen","14":"tag-motorradgruppe","15":"tag-muenchen","16":"tag-polizei","17":"tag-rockergruppe","18":"tag-rockergruppen","19":"tag-rockermilieu","20":"tag-staatsanwaltschaft"},"share_on_mastodon":{"url":"https:\/\/pubeurope.com\/@de\/114663091431643061","error":""},"_links":{"self":[{"href":"https:\/\/www.europesays.com\/de\/wp-json\/wp\/v2\/posts\/181142","targetHints":{"allow":["GET"]}}],"collection":[{"href":"https:\/\/www.europesays.com\/de\/wp-json\/wp\/v2\/posts"}],"about":[{"href":"https:\/\/www.europesays.com\/de\/wp-json\/wp\/v2\/types\/post"}],"author":[{"embeddable":true,"href":"https:\/\/www.europesays.com\/de\/wp-json\/wp\/v2\/users\/2"}],"replies":[{"embeddable":true,"href":"https:\/\/www.europesays.com\/de\/wp-json\/wp\/v2\/comments?post=181142"}],"version-history":[{"count":0,"href":"https:\/\/www.europesays.com\/de\/wp-json\/wp\/v2\/posts\/181142\/revisions"}],"wp:featuredmedia":[{"embeddable":true,"href":"https:\/\/www.europesays.com\/de\/wp-json\/wp\/v2\/media\/181143"}],"wp:attachment":[{"href":"https:\/\/www.europesays.com\/de\/wp-json\/wp\/v2\/media?parent=181142"}],"wp:term":[{"taxonomy":"category","embeddable":true,"href":"https:\/\/www.europesays.com\/de\/wp-json\/wp\/v2\/categories?post=181142"},{"taxonomy":"post_tag","embeddable":true,"href":"https:\/\/www.europesays.com\/de\/wp-json\/wp\/v2\/tags?post=181142"}],"curies":[{"name":"wp","href":"https:\/\/api.w.org\/{rel}","templated":true}]}}