{"id":181178,"date":"2025-06-11T05:51:10","date_gmt":"2025-06-11T05:51:10","guid":{"rendered":"https:\/\/www.europesays.com\/de\/181178\/"},"modified":"2025-06-11T05:51:10","modified_gmt":"2025-06-11T05:51:10","slug":"der-boersen-tag-mittwoch-11-juni-2025","status":"publish","type":"post","link":"https:\/\/www.europesays.com\/de\/181178\/","title":{"rendered":"Der B\u00f6rsen-Tag Mittwoch, 11. Juni 2025"},"content":{"rendered":"<p>Nach dem mauen Wochenauftakt haben sich die <b>Dax<\/b>-Anleger am Dienstag zur\u00fcckgehalten. Investoren warteten bei insgesamt sehr d\u00fcnner Datenlage nerv\u00f6s auf Details der Handelsgespr\u00e4che zwischen den USA und China und hofften auf Erleichterungen. B\u00f6rsianer gingen aber nicht davon aus, dass die Z\u00f6lle vollst\u00e4ndig abgeschafft w\u00fcrden, konstatierte Jonas Goltermann, \u00d6konom bei Capital Economics.<\/p>\n<p>Was liegt heute an? Da w\u00e4re die <b>US-Inflation<\/b>. Diese k\u00f6nnte sich im Mai beschleunigt haben. Die Verbraucherpreise d\u00fcrften um durchschnittlich 2,5 Prozent im Vergleich zum Vorjahresmonat steigen, sagen \u00d6konomen voraus. Im April war die Teuerungsrate noch auf 2,3 Prozent gefallen. Experten zufolge birgt die Zollpolitik von US-Pr\u00e4sident Donald Trump Inflationsrisiken, weil dadurch Einfuhren teurer werden.<\/p>\n<p>Der<b> Europ\u00e4ische Gerichtshof (EuGH) <\/b>verhandelt eine <b>Klage der Facebook-Mutter Meta und des Kurzvideo-Dienstes TikTok gegen Geb\u00fchren im Zusammenhang mit dem Digital Services Act (DSA)<\/b>. Dieses Gesetz erlaubt es der EU, gro\u00dfen Online-Plattformen die gesch\u00e4tzten Kosten f\u00fcr deren Aufsicht in Rechnung zu stellen.<\/p>\n<p>  <a title=\"DAX \u00ae\" href=\"https:\/\/www.n-tv.de\/boersenkurse\/indizes\/dax-159096\" rel=\"nofollow noopener\" target=\"_blank\">  <img decoding=\"async\" src=\"https:\/\/www.europesays.com\/de\/wp-content\/uploads\/2025\/06\/1749621070_233_chartNG.gfn\" alt=\"Dax\" class=\"space__strech lazyload\"\/>    <strong>Dax<\/strong>  23.987,56  <\/a>  <\/p>\n<p> Nach mehreren entt\u00e4uschenden Quartalszahlen in Folge hoffen B\u00f6rsianer auf einen vers\u00f6hnlichen Abschluss des Gesch\u00e4ftsjahres 2024\/2025 von <b>Oracle<\/b>. Ihr Augenmerk richten sie dabei auf die Entwicklung des zukunftstr\u00e4chtigen Cloud-Gesch\u00e4fts, das zuletzt st\u00e4rker zugelegt hatte als erwartet. Oracle hat f\u00fcr das abgelaufene Vierteljahr einen Gewinn von 1,62 bis 1,66 Dollar je Aktie in Aussicht gestellt.<\/p>\n<p>Die komplette Termin\u00fcbersicht f\u00fcr diese Woche finden Sie <b><a href=\"https:\/\/eur03.safelinks.protection.outlook.com\/?url=https%3A%2F%2Fwww.n-tv.de%2Fwirtschaft%2Ftermine%2F&amp;data=05%7C01%7C%7C8ed6a19158da4405f7d008db31d35df1%7Cefce8346592b4b6eb1c20fd07bd5e442%7C0%7C0%7C638158556121957420%7CUnknown%7CTWFpbGZsb3d8eyJWIjoiMC4wLjAwMDAiLCJQIjoiV2luMzIiLCJBTiI6Ik1haWwiLCJXVCI6Mn0%3D%7C3000%7C%7C%7C&amp;sdata=AK7wDL9qtIbsty1TJ2buDbT9O0aM39JYqyyp631508E%3D&amp;reserved=0\" rel=\"nofollow noopener\" target=\"_blank\">hier<\/a><\/b>. <\/p>\n","protected":false},"excerpt":{"rendered":"Nach dem mauen Wochenauftakt haben sich die Dax-Anleger am Dienstag zur\u00fcckgehalten. Investoren warteten bei insgesamt sehr d\u00fcnner Datenlage&hellip;\n","protected":false},"author":2,"featured_media":181179,"comment_status":"","ping_status":"","sticky":false,"template":"","format":"standard","meta":{"footnotes":""},"categories":[134],"tags":[1752,175,170,169,282,29,30,171,174,6081,173,172,60901,211],"class_list":{"0":"post-181178","1":"post","2":"type-post","3":"status-publish","4":"format-standard","5":"has-post-thumbnail","7":"category-unternehmen-maerkte","8":"tag-boersen-tag","9":"tag-business","10":"tag-companies","11":"tag-companies-markets","12":"tag-der","13":"tag-deutschland","14":"tag-germany","15":"tag-markets","16":"tag-maerkte","17":"tag-trumps","18":"tag-unternehmen","19":"tag-unternehmen-maerkte","20":"tag-us-gericht","21":"tag-zoelle"},"share_on_mastodon":{"url":"https:\/\/pubeurope.com\/@de\/114663174235118872","error":""},"_links":{"self":[{"href":"https:\/\/www.europesays.com\/de\/wp-json\/wp\/v2\/posts\/181178","targetHints":{"allow":["GET"]}}],"collection":[{"href":"https:\/\/www.europesays.com\/de\/wp-json\/wp\/v2\/posts"}],"about":[{"href":"https:\/\/www.europesays.com\/de\/wp-json\/wp\/v2\/types\/post"}],"author":[{"embeddable":true,"href":"https:\/\/www.europesays.com\/de\/wp-json\/wp\/v2\/users\/2"}],"replies":[{"embeddable":true,"href":"https:\/\/www.europesays.com\/de\/wp-json\/wp\/v2\/comments?post=181178"}],"version-history":[{"count":0,"href":"https:\/\/www.europesays.com\/de\/wp-json\/wp\/v2\/posts\/181178\/revisions"}],"wp:featuredmedia":[{"embeddable":true,"href":"https:\/\/www.europesays.com\/de\/wp-json\/wp\/v2\/media\/181179"}],"wp:attachment":[{"href":"https:\/\/www.europesays.com\/de\/wp-json\/wp\/v2\/media?parent=181178"}],"wp:term":[{"taxonomy":"category","embeddable":true,"href":"https:\/\/www.europesays.com\/de\/wp-json\/wp\/v2\/categories?post=181178"},{"taxonomy":"post_tag","embeddable":true,"href":"https:\/\/www.europesays.com\/de\/wp-json\/wp\/v2\/tags?post=181178"}],"curies":[{"name":"wp","href":"https:\/\/api.w.org\/{rel}","templated":true}]}}