{"id":181342,"date":"2025-06-11T07:22:11","date_gmt":"2025-06-11T07:22:11","guid":{"rendered":"https:\/\/www.europesays.com\/de\/181342\/"},"modified":"2025-06-11T07:22:11","modified_gmt":"2025-06-11T07:22:11","slug":"familientag-den-man-sich-leisten-koennen-muss","status":"publish","type":"post","link":"https:\/\/www.europesays.com\/de\/181342\/","title":{"rendered":"Familientag, den man sich leisten k\u00f6nnen muss"},"content":{"rendered":"<p>\t\t\t\t\t\t\t<img decoding=\"async\" id=\"metis-img-pixel\" src=\"https:\/\/www.europesays.com\/de\/wp-content\/uploads\/2025\/06\/f9a238af36c04d82afcde2778891e6d2.gif\"\/><br \/>\nEin Kommentar von Johannes Lay<\/p>\n<p>\u201eFamilientag\u201c \u2013 das klingt nach Picknickdecke, lachenden Kindern, vielleicht mal ein Pony streicheln, ohne dass das Portemonnaie zu stark leidet und finanziell schw\u00e4chere nicht ausgegrenzt werden. Doch wer am Pfingstwochenende beim Wiesbadener Reitturnier unterwegs war, fragt sich: <strong>F\u00fcr wen ist dieser Tag eigentlich gemacht?<\/strong><\/p>\n<p>33 Euro f\u00fcr ein Kinderticket, als vierk\u00f6pfige Familie 138 Euro nur f\u00fcr den Eintritt, Essen extra. Platzwahl eingeschr\u00e4nkt. Klar, Kinder unter sechs Jahren kommen kostenlos aufs Gel\u00e4nde \u2013 aber ohne Sitzplatzanspruch. Wer bereits zur Schule geht, zahlt. Und zwar nicht wenig: 33 Euro Eintritt. Dazu kommen Preise f\u00fcr Essen und Trinken, die sich eher am Niveau eines Privatflugs als an einer Familienveranstaltung orientieren: Normale Pasta f\u00fcr 10 Euro, Cr\u00eapes mit Nutella f\u00fcr 6, Wasser f\u00fcr 4,50 Euro. Preiswert ist hier nichts \u2013 au\u00dfer vielleicht das L\u00e4cheln an der Kasse und die Erfrischung\u00a0als\u00a0Regen.<\/p>\n<p>10 % hier, 20 % da \u2013 aber blo\u00df nicht zu spontan<\/p>\n<p>Ja, es gibt Erm\u00e4\u00dfigungen. 10 % f\u00fcr Azubis, Studenten, Ehrenamtliche, 20 % f\u00fcr Familien \u2013 aber nur in Kombination mit bestimmten Karten, an bestimmten Tagen, im Vorverkauf. Wer nicht vorher alles durchrechnet, zahlt drauf. Wer spontan kommt, ebenfalls. Und das bei einem Event, das mit st\u00e4dtischen Zusch\u00fcssen (und da reden wir von 213.000 Euro!!!) und dem Versprechen von Offenheit und Familienn\u00e4he wirbt.<\/p>\n<p>Zuschuss der Stadt \u2013 f\u00fcr wen?<\/p>\n<p>Dass die Stadt Wiesbaden das Turnier unterst\u00fctzt, ist verst\u00e4ndlich: Tradition, Tourismus, internationale Aufmerksamkeit. Aber sollte ein gef\u00f6rdertes Event nicht m\u00f6glichst viele Menschen einladen statt ausgrenzen? Stattdessen bleibt das Gef\u00fchl: Das Publikum darf zuschauen \u2013 aber bitte leise, passend angezogen und mit vollem Geldbeutel.<\/p>\n<p>Pferdesport unter sich?<\/p>\n<p>Die Atmosph\u00e4re auf dem Turnierplatz ist nobel, durchgestylt, elit\u00e4r. Und das darf sie auch sein \u2013 aber bitte ehrlich. Statt <strong>Familientag<\/strong> w\u00e4re <strong>Tag der offenen Schranken<\/strong> vielleicht passender. Wer zur Reit-Elite geh\u00f6rt, kennt sich aus. Wer einfach nur einen sch\u00f6nen Sonntag mit den Kindern verbringen will, wird zur Kasse gebeten \u2013 und zahlt f\u00fcr einen Hauch von Upper Class-Flair im Nizza des Nordens.<\/p>\n<p>Umdenken?<\/p>\n<p>Vielleicht w\u00e4re es mal an der Zeit das Projekt\u00a0<strong>Familientag f\u00fcr alle<\/strong> zu starten \u2013 Sponsoren k\u00f6nnten nicht nur in die elit\u00e4re Veranstaltung an sich investieren, sondern auch in das gesellschaftliche Miteinander. Ausgrenzung erfolgt bereits mit den Eintrittspreisen.<br \/>Familienfreundlich geht anders. Ein echter Familientag macht Erlebnisse niedrigschwellig, barrierefrei, zug\u00e4nglich. Ein bisschen weniger Prestige, ein bisschen mehr Pommes f\u00fcr alle \u2013 das w\u00e4r\u2019s gewesen.<\/p>\n<p>Foto \u2013 Illustration \u00a92025 AI-genereirt<\/p>\n<p>Weitere Nachrichten aus dem <strong>Ortsbezirk Biebrich<\/strong> <a href=\"https:\/\/wiesbaden-lebt.de\/tag\/biebrich\" rel=\"nofollow noopener\" target=\"_blank\">lesen Sie hier<\/a>.<\/p>\n<p>Die Seite des <strong>Internationalen Pfingstturnier Wiesbaden<\/strong> finden Sie unter\u00a0<a href=\"http:\/\/www.pfingstturnier.org\/\" target=\"_blank\" rel=\"noreferrer noopener nofollow\">www.pfingstturnier.org<\/a><\/p>\n","protected":false},"excerpt":{"rendered":"Ein Kommentar von Johannes Lay \u201eFamilientag\u201c \u2013 das klingt nach Picknickdecke, lachenden Kindern, vielleicht mal ein Pony streicheln,&hellip;\n","protected":false},"author":2,"featured_media":181343,"comment_status":"","ping_status":"","sticky":false,"template":"","format":"standard","meta":{"footnotes":""},"categories":[1847],"tags":[60941,39417,3364,29,548,663,3934,30,13,2052,14,15,41151,12,4544],"class_list":{"0":"post-181342","1":"post","2":"type-post","3":"status-publish","4":"format-standard","5":"has-post-thumbnail","7":"category-wiesbaden","8":"tag-87-internationale-pfingstturnier","9":"tag-biebrich","10":"tag-de","11":"tag-deutschland","12":"tag-eu","13":"tag-europa","14":"tag-europe","15":"tag-germany","16":"tag-headlines","17":"tag-hessen","18":"tag-nachrichten","19":"tag-news","20":"tag-reiten","21":"tag-schlagzeilen","22":"tag-wiesbaden"},"share_on_mastodon":{"url":"https:\/\/pubeurope.com\/@de\/114663531791253699","error":""},"_links":{"self":[{"href":"https:\/\/www.europesays.com\/de\/wp-json\/wp\/v2\/posts\/181342","targetHints":{"allow":["GET"]}}],"collection":[{"href":"https:\/\/www.europesays.com\/de\/wp-json\/wp\/v2\/posts"}],"about":[{"href":"https:\/\/www.europesays.com\/de\/wp-json\/wp\/v2\/types\/post"}],"author":[{"embeddable":true,"href":"https:\/\/www.europesays.com\/de\/wp-json\/wp\/v2\/users\/2"}],"replies":[{"embeddable":true,"href":"https:\/\/www.europesays.com\/de\/wp-json\/wp\/v2\/comments?post=181342"}],"version-history":[{"count":0,"href":"https:\/\/www.europesays.com\/de\/wp-json\/wp\/v2\/posts\/181342\/revisions"}],"wp:featuredmedia":[{"embeddable":true,"href":"https:\/\/www.europesays.com\/de\/wp-json\/wp\/v2\/media\/181343"}],"wp:attachment":[{"href":"https:\/\/www.europesays.com\/de\/wp-json\/wp\/v2\/media?parent=181342"}],"wp:term":[{"taxonomy":"category","embeddable":true,"href":"https:\/\/www.europesays.com\/de\/wp-json\/wp\/v2\/categories?post=181342"},{"taxonomy":"post_tag","embeddable":true,"href":"https:\/\/www.europesays.com\/de\/wp-json\/wp\/v2\/tags?post=181342"}],"curies":[{"name":"wp","href":"https:\/\/api.w.org\/{rel}","templated":true}]}}