{"id":181420,"date":"2025-06-11T08:05:09","date_gmt":"2025-06-11T08:05:09","guid":{"rendered":"https:\/\/www.europesays.com\/de\/181420\/"},"modified":"2025-06-11T08:05:09","modified_gmt":"2025-06-11T08:05:09","slug":"neues-in-der-esslinger-altstadt-modehaus-koegel-wird-zur-rollschuhbahn-esslingen","status":"publish","type":"post","link":"https:\/\/www.europesays.com\/de\/181420\/","title":{"rendered":"Neues in der Esslinger Altstadt: Modehaus K\u00f6gel wird zur Rollschuhbahn &#8211; Esslingen"},"content":{"rendered":"<p>Anfang 2024 schloss das Modehaus K\u00f6gel in Esslinger seine Pforten. Dennoch ist in den R\u00e4umlichkeiten vieles am Laufen \u2013 sogar auf Rollschuhen.<\/p>\n<p>Das Modehaus K\u00f6gel in <a href=\"https:\/\/www.esslinger-zeitung.de\/thema\/Esslingen\" title=\"Esslingen\" class=\"art_thema\" target=\"_blank\" rel=\"noopener\">Esslingen<\/a> kleidet zwar nicht mehr ein, aber es begleitet Kulturfans bei verschiedenen Anliegen. Noch bis einschlie\u00dflich Sonntag, 29. Juni, gibt es den Pop-up-Kulturladen der st\u00e4dtischen Kultureinrichtungen in den R\u00e4umlichkeiten des ehemaligen Bekleidungsgesch\u00e4ftes in der Zehentgasse 1 hinter dem Alten Rathaus in der <a href=\"https:\/\/www.esslinger-zeitung.de\/thema\/Innenstadt\" title=\"Innenstadt\" class=\"art_thema\" target=\"_blank\" rel=\"noopener\">Innenstadt<\/a>. In dem Kulturladen ist seit Anfang Mai vieles am Laufen \u2013 selbst Rollschuhlaufen geh\u00f6rt zum Angebot. <\/p>\n","protected":false},"excerpt":{"rendered":"Anfang 2024 schloss das Modehaus K\u00f6gel in Esslinger seine Pforten. Dennoch ist in den R\u00e4umlichkeiten vieles am Laufen&hellip;\n","protected":false},"author":2,"featured_media":181421,"comment_status":"","ping_status":"","sticky":false,"template":"","format":"standard","meta":{"footnotes":""},"categories":[1830],"tags":[60955,1634,3364,29,3439,60954,60953,60951,30,54826,80,60950,60952,5321,1441],"class_list":{"0":"post-181420","1":"post","2":"type-post","3":"status-publish","4":"format-standard","5":"has-post-thumbnail","7":"category-stuttgart","8":"tag-altstadt-esslingen","9":"tag-baden-wuerttemberg","10":"tag-de","11":"tag-deutschland","12":"tag-esslingen","13":"tag-esslinger-alstadt","14":"tag-esslinger-innenstadt","15":"tag-esslinger-kultur","16":"tag-germany","17":"tag-koegel","18":"tag-kultur","19":"tag-kultur-in-esslingen","20":"tag-kultureinrichtungen-esslingen","21":"tag-stadt-esslingen","22":"tag-stuttgart"},"share_on_mastodon":{"url":"https:\/\/pubeurope.com\/@de\/114663700847143866","error":""},"_links":{"self":[{"href":"https:\/\/www.europesays.com\/de\/wp-json\/wp\/v2\/posts\/181420","targetHints":{"allow":["GET"]}}],"collection":[{"href":"https:\/\/www.europesays.com\/de\/wp-json\/wp\/v2\/posts"}],"about":[{"href":"https:\/\/www.europesays.com\/de\/wp-json\/wp\/v2\/types\/post"}],"author":[{"embeddable":true,"href":"https:\/\/www.europesays.com\/de\/wp-json\/wp\/v2\/users\/2"}],"replies":[{"embeddable":true,"href":"https:\/\/www.europesays.com\/de\/wp-json\/wp\/v2\/comments?post=181420"}],"version-history":[{"count":0,"href":"https:\/\/www.europesays.com\/de\/wp-json\/wp\/v2\/posts\/181420\/revisions"}],"wp:featuredmedia":[{"embeddable":true,"href":"https:\/\/www.europesays.com\/de\/wp-json\/wp\/v2\/media\/181421"}],"wp:attachment":[{"href":"https:\/\/www.europesays.com\/de\/wp-json\/wp\/v2\/media?parent=181420"}],"wp:term":[{"taxonomy":"category","embeddable":true,"href":"https:\/\/www.europesays.com\/de\/wp-json\/wp\/v2\/categories?post=181420"},{"taxonomy":"post_tag","embeddable":true,"href":"https:\/\/www.europesays.com\/de\/wp-json\/wp\/v2\/tags?post=181420"}],"curies":[{"name":"wp","href":"https:\/\/api.w.org\/{rel}","templated":true}]}}