{"id":18144,"date":"2025-04-09T11:42:09","date_gmt":"2025-04-09T11:42:09","guid":{"rendered":"https:\/\/www.europesays.com\/de\/18144\/"},"modified":"2025-04-09T11:42:09","modified_gmt":"2025-04-09T11:42:09","slug":"stuttgarter-statistikamt-liefert-auswertung-sehr-viele-briefwaehler-aus-den-usa-hatten-das-nachsehen","status":"publish","type":"post","link":"https:\/\/www.europesays.com\/de\/18144\/","title":{"rendered":"Stuttgarter Statistikamt liefert Auswertung: Sehr viele Briefw\u00e4hler aus den USA hatten das Nachsehen"},"content":{"rendered":"<p>\t\t\t\t\t\t\t\t\t\t\t\t\t\t\t\t\t\t\t\t\t\t\t\t\t\t\t\t      \t\t            \t\t             \t\t\t\t   \t\t\t\t\t   <img decoding=\"async\" id=\"article-image\" fetchpriority=\"high\" alt=\"Stuttgarter Statistikamt liefert Auswertung: Sehr viele Briefw\u00e4hler aus den USA hatten das Nachsehen\" title=\"Stuttgarter Statistikamt liefert Auswertung: Sehr viele Briefw\u00e4hler aus den USA hatten das Nachsehen\" src=\"https:\/\/www.europesays.com\/de\/wp-content\/uploads\/2025\/04\/media.media.b8cfcb60-4439-4b05-8585-18a1d2c43f45.16x9_700.jpg\" data-linkto=\"https:\/\/www.stuttgarter-nachrichten.de\/javascript:void(0);\"\/>\t\t\t\t\t\t\t\t\t\t\t\t\t\t\t\t\t\t\t\t\t\t\t\tDie Unterlagen f\u00fcr die Briefwahl waren vom 4. Februar vom Statistischen Amt der Landeshauptstadt versendet worden.\u00a0Foto: Lichtgut\/Leif Piechowski\t\t\t<\/p>\n<p>Bei der Bundestagswahl am 23. Februar war die Beteiligung besonders hoch. Allerdings nicht bei allen W\u00e4hlergruppen. F\u00fcr einige war die Zeit schlicht zu knapp.<\/p>\n<p>Die<a href=\"https:\/\/www.stuttgarter-zeitung.de\/inhalt.bundestagswahl-2025-landeswahlleiterin-bestaetigt-ergebnis-in-baden-wuerttemberg.cc51e2c1-43f9-4a09-a417-7c76cd68f76e.html\" target=\"_blank\" rel=\"nofollow noopener\"> vorgezogene Bundestagswahl am 23. Februar 2025<\/a> verlief vor allem f\u00fcr Deutsche im Ausland holprig. Bereits vor der Wahl war deutlich geworden, dass es wegen verk\u00fcrzter Fristen mit der Zu- und R\u00fccksendung der Unterlagen knapp werden k\u00f6nnte. Unmittelbar nach der Wahl lagen noch keine abschlie\u00dfenden Zahlen zur Beteiligung der Auslandsdeutschen vor. Auf Anfrage unserer Zeitung hat das Statistikamt der Landeshauptstadt nun genaue Zahlen geliefert.<\/p>\n","protected":false},"excerpt":{"rendered":"Die Unterlagen f\u00fcr die Briefwahl waren vom 4. Februar vom Statistischen Amt der Landeshauptstadt versendet worden.\u00a0Foto: Lichtgut\/Leif Piechowski&hellip;\n","protected":false},"author":2,"featured_media":18145,"comment_status":"","ping_status":"","sticky":false,"template":"","format":"standard","meta":{"footnotes":""},"categories":[1830],"tags":[1634,11696,11695,185,3364,4217,29,30,1441,64],"class_list":{"0":"post-18144","1":"post","2":"type-post","3":"status-publish","4":"format-standard","5":"has-post-thumbnail","7":"category-stuttgart","8":"tag-baden-wuerttemberg","9":"tag-botschaft","10":"tag-briefwahl","11":"tag-bundestagswahl-2025","12":"tag-de","13":"tag-deutsche-post","14":"tag-deutschland","15":"tag-germany","16":"tag-stuttgart","17":"tag-usa"},"share_on_mastodon":{"url":"https:\/\/pubeurope.com\/@de\/114307828544693827","error":""},"_links":{"self":[{"href":"https:\/\/www.europesays.com\/de\/wp-json\/wp\/v2\/posts\/18144","targetHints":{"allow":["GET"]}}],"collection":[{"href":"https:\/\/www.europesays.com\/de\/wp-json\/wp\/v2\/posts"}],"about":[{"href":"https:\/\/www.europesays.com\/de\/wp-json\/wp\/v2\/types\/post"}],"author":[{"embeddable":true,"href":"https:\/\/www.europesays.com\/de\/wp-json\/wp\/v2\/users\/2"}],"replies":[{"embeddable":true,"href":"https:\/\/www.europesays.com\/de\/wp-json\/wp\/v2\/comments?post=18144"}],"version-history":[{"count":0,"href":"https:\/\/www.europesays.com\/de\/wp-json\/wp\/v2\/posts\/18144\/revisions"}],"wp:featuredmedia":[{"embeddable":true,"href":"https:\/\/www.europesays.com\/de\/wp-json\/wp\/v2\/media\/18145"}],"wp:attachment":[{"href":"https:\/\/www.europesays.com\/de\/wp-json\/wp\/v2\/media?parent=18144"}],"wp:term":[{"taxonomy":"category","embeddable":true,"href":"https:\/\/www.europesays.com\/de\/wp-json\/wp\/v2\/categories?post=18144"},{"taxonomy":"post_tag","embeddable":true,"href":"https:\/\/www.europesays.com\/de\/wp-json\/wp\/v2\/tags?post=18144"}],"curies":[{"name":"wp","href":"https:\/\/api.w.org\/{rel}","templated":true}]}}