{"id":181650,"date":"2025-06-11T10:12:10","date_gmt":"2025-06-11T10:12:10","guid":{"rendered":"https:\/\/www.europesays.com\/de\/181650\/"},"modified":"2025-06-11T10:12:10","modified_gmt":"2025-06-11T10:12:10","slug":"neuer-gehweg-an-der-schwarzbach-in-wuppertal","status":"publish","type":"post","link":"https:\/\/www.europesays.com\/de\/181650\/","title":{"rendered":"Neuer Gehweg an der Schwarzbach in Wuppertal"},"content":{"rendered":"<p class=\"text_ohne_einzug richtext text-em-55 !leading-serif mx-6 desktop:mx-0\">Die Stadt gestaltet in diesem Jahr den Fu\u00dfweg zwischen der Langobardenstra\u00dfe und der Stra\u00dfe Schwarzbach komplett um. Im Rahmen des St\u00e4dtebauf\u00f6rderprogramms \u201eSozialer Zusammenhalt Oberbarmen\/Wichlinghausen\u201c starten voraussichtlich am 23. Juni die Sanierungs- und Gestaltungsarbeiten. Ziel der Ma\u00dfnahme sei es, die Sicherheit und die Aufenthaltsqualit\u00e4t f\u00fcr Fu\u00dfg\u00e4ngerinnen und Fu\u00dfg\u00e4nger deutlich zu verbessern, hei\u00dft es.<\/p>\n","protected":false},"excerpt":{"rendered":"Die Stadt gestaltet in diesem Jahr den Fu\u00dfweg zwischen der Langobardenstra\u00dfe und der Stra\u00dfe Schwarzbach komplett um. Im&hellip;\n","protected":false},"author":2,"featured_media":181651,"comment_status":"","ping_status":"","sticky":false,"template":"","format":"standard","meta":{"footnotes":"","_share_on_mastodon":"0"},"categories":[1840],"tags":[3364,29,5715,61046,61044,12959,30,61045,61043,1209,17471,17474,11234,524,61047,54077,4418,54658],"class_list":["post-181650","post","type-post","status-publish","format-standard","has-post-thumbnail","category-wuppertal","tag-de","tag-deutschland","tag-fussgaenger","tag-fussgaengerinnen","tag-fussweg","tag-gehweg","tag-germany","tag-gestaltet","tag-langobardenstrasse","tag-nordrhein-westfalen","tag-oberbarmen","tag-schwarzbach","tag-sozialer","tag-strasse","tag-strassenfahrbahn","tag-wichlinghausen","tag-wuppertal","tag-zusammenhalt"],"share_on_mastodon":{"url":"https:\/\/pubeurope.com\/@de\/114664200154257737","error":""},"_links":{"self":[{"href":"https:\/\/www.europesays.com\/de\/wp-json\/wp\/v2\/posts\/181650","targetHints":{"allow":["GET"]}}],"collection":[{"href":"https:\/\/www.europesays.com\/de\/wp-json\/wp\/v2\/posts"}],"about":[{"href":"https:\/\/www.europesays.com\/de\/wp-json\/wp\/v2\/types\/post"}],"author":[{"embeddable":true,"href":"https:\/\/www.europesays.com\/de\/wp-json\/wp\/v2\/users\/2"}],"replies":[{"embeddable":true,"href":"https:\/\/www.europesays.com\/de\/wp-json\/wp\/v2\/comments?post=181650"}],"version-history":[{"count":0,"href":"https:\/\/www.europesays.com\/de\/wp-json\/wp\/v2\/posts\/181650\/revisions"}],"wp:featuredmedia":[{"embeddable":true,"href":"https:\/\/www.europesays.com\/de\/wp-json\/wp\/v2\/media\/181651"}],"wp:attachment":[{"href":"https:\/\/www.europesays.com\/de\/wp-json\/wp\/v2\/media?parent=181650"}],"wp:term":[{"taxonomy":"category","embeddable":true,"href":"https:\/\/www.europesays.com\/de\/wp-json\/wp\/v2\/categories?post=181650"},{"taxonomy":"post_tag","embeddable":true,"href":"https:\/\/www.europesays.com\/de\/wp-json\/wp\/v2\/tags?post=181650"}],"curies":[{"name":"wp","href":"https:\/\/api.w.org\/{rel}","templated":true}]}}