{"id":181873,"date":"2025-06-11T12:11:09","date_gmt":"2025-06-11T12:11:09","guid":{"rendered":"https:\/\/www.europesays.com\/de\/181873\/"},"modified":"2025-06-11T12:11:09","modified_gmt":"2025-06-11T12:11:09","slug":"brunnen-bleibt-auch-nach-36-jahren-weiter-ohne-wasser","status":"publish","type":"post","link":"https:\/\/www.europesays.com\/de\/181873\/","title":{"rendered":"Brunnen bleibt auch nach 36 Jahren weiter ohne Wasser"},"content":{"rendered":"<p class=\"article-text\">Seit 1989 wartet an der Kemptener Stra\u00dfe der kleine Oasenbrunnen tapfer darauf, an eine Wasserleitung angeschlossen zu werden, um das zu tun, was Brunnen eben so tun: zu sprudeln. Zuletzt hatte es der Bezirksausschuss im M\u00fcnchner S\u00fcden 2020 abgelehnt, die Kosten f\u00fcr eine solche Inbetriebnahme zu \u00fcbernehmen. Als zu teuer wurde ein Anschluss ans Wassernetz oder eine Versetzung des Brunnens n\u00e4her an einen Quell k\u00fchlen Nasses empfunden. Damals behalf sich das B\u00fcrgergremium mit einem kleinen Trick: Es entschloss sich, den Brunnen f\u00fcrderhin als Skulptur anzusehen. Die m\u00fcssen bekanntlich ja nicht sprudeln. <br \/>Weil derzeit rund um die \u201eOasenskulptur\u201d recht viel neu gebaut wird, witterten Freunde des kleinen Brunnens eine neue Chance. Sie schlugen vor, ihn ins gerade entstehende K\u00f6wie-Schulzentrum oder das bald fertige Einkaufszentrum zu verlagern. Dazu kam der Vorschlag indes zu sp\u00e4t; zu weit fortgeschritten sind die beiden Bauprojekte, als dass man jetzt noch Brunnenplatz abzwacken k\u00f6nnte. Und wie steht&#8217;s ums liebe Geld? Davon hat die Stadt gegenw\u00e4rtig noch weniger als 2020, meinte Juri Wostal im Bezirksausschuss. Das Gremium entschied sich daher, den Brunnen dort und so zu belassen, wo und wie er ist. Immerhin: Die \u201eSkulptur\u201d wurde ganz nebenbei zur \u201eParkskulptur\u201d bef\u00f6rdert.<\/p>\n","protected":false},"excerpt":{"rendered":"Seit 1989 wartet an der Kemptener Stra\u00dfe der kleine Oasenbrunnen tapfer darauf, an eine Wasserleitung angeschlossen zu werden,&hellip;\n","protected":false},"author":2,"featured_media":181874,"comment_status":"","ping_status":"","sticky":false,"template":"","format":"standard","meta":{"footnotes":""},"categories":[1827],"tags":[2500,772,29,30857,30,1268,9062],"class_list":{"0":"post-181873","1":"post","2":"type-post","3":"status-publish","4":"format-standard","5":"has-post-thumbnail","7":"category-muenchen","8":"tag-brunnen","9":"tag-bayern","10":"tag-deutschland","11":"tag-fuerstenried-muenchen","12":"tag-germany","13":"tag-muenchen","14":"tag-politische-themen"},"share_on_mastodon":{"url":"https:\/\/pubeurope.com\/@de\/114664668195460681","error":""},"_links":{"self":[{"href":"https:\/\/www.europesays.com\/de\/wp-json\/wp\/v2\/posts\/181873","targetHints":{"allow":["GET"]}}],"collection":[{"href":"https:\/\/www.europesays.com\/de\/wp-json\/wp\/v2\/posts"}],"about":[{"href":"https:\/\/www.europesays.com\/de\/wp-json\/wp\/v2\/types\/post"}],"author":[{"embeddable":true,"href":"https:\/\/www.europesays.com\/de\/wp-json\/wp\/v2\/users\/2"}],"replies":[{"embeddable":true,"href":"https:\/\/www.europesays.com\/de\/wp-json\/wp\/v2\/comments?post=181873"}],"version-history":[{"count":0,"href":"https:\/\/www.europesays.com\/de\/wp-json\/wp\/v2\/posts\/181873\/revisions"}],"wp:featuredmedia":[{"embeddable":true,"href":"https:\/\/www.europesays.com\/de\/wp-json\/wp\/v2\/media\/181874"}],"wp:attachment":[{"href":"https:\/\/www.europesays.com\/de\/wp-json\/wp\/v2\/media?parent=181873"}],"wp:term":[{"taxonomy":"category","embeddable":true,"href":"https:\/\/www.europesays.com\/de\/wp-json\/wp\/v2\/categories?post=181873"},{"taxonomy":"post_tag","embeddable":true,"href":"https:\/\/www.europesays.com\/de\/wp-json\/wp\/v2\/tags?post=181873"}],"curies":[{"name":"wp","href":"https:\/\/api.w.org\/{rel}","templated":true}]}}