{"id":181881,"date":"2025-06-11T12:15:11","date_gmt":"2025-06-11T12:15:11","guid":{"rendered":"https:\/\/www.europesays.com\/de\/181881\/"},"modified":"2025-06-11T12:15:11","modified_gmt":"2025-06-11T12:15:11","slug":"berlin-brandenburg-674-propalaestinensische-demos-und-hunderte-gewaltdelikte","status":"publish","type":"post","link":"https:\/\/www.europesays.com\/de\/181881\/","title":{"rendered":"Berlin &#038; Brandenburg: 674 propal\u00e4stinensische Demos und Hunderte Gewaltdelikte"},"content":{"rendered":"<p>                    Berlin &amp; Brandenburg<br \/>\n                674 propal\u00e4stinensische Demos und Hunderte Gewaltdelikte<\/p>\n<p>\t\t\t\t              11.06.2025, 14:06 Uhr<\/p>\n<p><strong>Seit dem Terrorangriff auf Israel und dem Krieg in Gaza hat sich auch die Lage in Berlin versch\u00e4rft. Demonstrationen zum Thema sind oft aggressiv und nicht immer friedlich.<\/strong><\/p>\n<p>Berlin (dpa\/bb) &#8211; 674 propal\u00e4stinensische Demonstrationen und dabei Hunderte Gewaltvorf\u00e4lle hat die Berliner Polizei seit Oktober 2023 und dem Terrorangriff der islamistischen Hamas auf Israel gez\u00e4hlt. Weitere 24 Demonstrationen seien verboten worden, antworteten Senat und Polizei auf eine Anfrage der SPD.\u00a0<\/p>\n<p>Die Zahl der registrierten Gewaltdelikte bei den propal\u00e4stinensischen Demonstrationen lag laut Polizei bis Ende Mai bei 714, fast 600 davon im vergangenen Jahr. Der gr\u00f6\u00dfte Teil dieser Straftaten (627) richtete sich demnach gegen Polizisten.\u00a0<\/p>\n<p>615 Propagandadelikte und Volksverhetzungen<\/p>\n<p>In der entsprechenden Statistik fallen darunter nicht nur Angriffe auf Polizisten, sondern auch Widerstand bei Kontrollen und Festnahmen. Dazu kamen 615 Propagandadelikte und Volksverhetzungen, die bei den Demonstrationen erfasst wurden.\u00a0<\/p>\n<p>Die Senatsinnenverwaltung stellte fest, die Mehrheit der Demonstranten sei friedlich. Ein bestimmter Kreis von Teilnehmern begehe aber \u00f6ffentlichkeitswirksame Straftaten, so dass friedliche Kundgebungen in den Hintergrund treten w\u00fcrden und &#8222;propal\u00e4stinensische Versammlungen zunehmend von einer aggressiven und hoch emotionalisierten Grundstimmung gepr\u00e4gt sind&#8220;.<\/p>\n<p>Kern von extremistischen Demonstranten\u00a0<\/p>\n<p>Verantwortlich daf\u00fcr sei ein Kern von Demonstranten aus verschiedenen extremistischen Bereichen mit Bezug zum Ausland, zum Islamismus und zum Linksextremismus mit antiisraelischen Einstellungen.\u00a0<\/p>\n<p>Der SPD-Abgeordnete Alexander Freier-Winterwerb teilte mit: &#8222;F\u00fcr viele J\u00fcdinnen und Juden in Berlin ist es mittlerweile lebensgef\u00e4hrlich geworden, sich im \u00f6ffentlichen Raum als j\u00fcdisch zu erkennen zu geben \u2013 sei es durch eine Kippa, einen Davidstern oder durch hebr\u00e4ische Sprache.&#8220;<\/p>\n<p>Der Berliner Rechtsstaat m\u00fcsse mit aller Entschlossenheit handeln \u2013 mit pr\u00e4ventiven, aber auch repressiven Ma\u00dfnahmen. &#8222;Wir d\u00fcrfen keine Toleranz gegen\u00fcber der Intoleranz \u00fcben. (&#8230;) Unsere Stra\u00dfen geh\u00f6ren nicht dem Hass.&#8220; N\u00f6tig sei eine ressort\u00fcbergreifende Strategie gegen die antisemitische Radikalisierung im \u00f6ffentlichen Raum.<\/p>\n","protected":false},"excerpt":{"rendered":"Berlin &amp; Brandenburg 674 propal\u00e4stinensische Demos und Hunderte Gewaltdelikte 11.06.2025, 14:06 Uhr Seit dem Terrorangriff auf Israel und&hellip;\n","protected":false},"author":2,"featured_media":181882,"comment_status":"","ping_status":"","sticky":false,"template":"","format":"standard","meta":{"footnotes":""},"categories":[1816],"tags":[1960,1958,1959,1957,296,1956,1890,3388,29,30,17537,16555],"class_list":{"0":"post-181881","1":"post","2":"type-post","3":"status-publish","4":"format-standard","5":"has-post-thumbnail","7":"category-brandenburg","8":"tag-aktuelle-nachrichten-aus-berlin-und-brandenburg","9":"tag-aktuelle-nachrichten-aus-brandenburg","10":"tag-aktuelle-news-aus-berlin-und-brandenburg","11":"tag-aktuelle-news-aus-brandenburg","12":"tag-berlin","13":"tag-berlin-und-brandenburg","14":"tag-brandenburg","15":"tag-demos","16":"tag-deutschland","17":"tag-germany","18":"tag-gewaltdelikte","19":"tag-hunderte"},"share_on_mastodon":{"url":"https:\/\/pubeurope.com\/@de\/114664683864053929","error":""},"_links":{"self":[{"href":"https:\/\/www.europesays.com\/de\/wp-json\/wp\/v2\/posts\/181881","targetHints":{"allow":["GET"]}}],"collection":[{"href":"https:\/\/www.europesays.com\/de\/wp-json\/wp\/v2\/posts"}],"about":[{"href":"https:\/\/www.europesays.com\/de\/wp-json\/wp\/v2\/types\/post"}],"author":[{"embeddable":true,"href":"https:\/\/www.europesays.com\/de\/wp-json\/wp\/v2\/users\/2"}],"replies":[{"embeddable":true,"href":"https:\/\/www.europesays.com\/de\/wp-json\/wp\/v2\/comments?post=181881"}],"version-history":[{"count":0,"href":"https:\/\/www.europesays.com\/de\/wp-json\/wp\/v2\/posts\/181881\/revisions"}],"wp:featuredmedia":[{"embeddable":true,"href":"https:\/\/www.europesays.com\/de\/wp-json\/wp\/v2\/media\/181882"}],"wp:attachment":[{"href":"https:\/\/www.europesays.com\/de\/wp-json\/wp\/v2\/media?parent=181881"}],"wp:term":[{"taxonomy":"category","embeddable":true,"href":"https:\/\/www.europesays.com\/de\/wp-json\/wp\/v2\/categories?post=181881"},{"taxonomy":"post_tag","embeddable":true,"href":"https:\/\/www.europesays.com\/de\/wp-json\/wp\/v2\/tags?post=181881"}],"curies":[{"name":"wp","href":"https:\/\/api.w.org\/{rel}","templated":true}]}}