{"id":181921,"date":"2025-06-11T12:36:18","date_gmt":"2025-06-11T12:36:18","guid":{"rendered":"https:\/\/www.europesays.com\/de\/181921\/"},"modified":"2025-06-11T12:36:18","modified_gmt":"2025-06-11T12:36:18","slug":"chio-aachen-2025-wann-findet-welche-pruefung-statt","status":"publish","type":"post","link":"https:\/\/www.europesays.com\/de\/181921\/","title":{"rendered":"CHIO Aachen 2025: Wann findet welche Pr\u00fcfung statt?"},"content":{"rendered":"<p class=\"richtext text-em-55 !leading-serif mx-6 desktop:mx-0\">Zehn Tage lang steht <a href=\"https:\/\/rp-online.de\/thema\/aachen\/\" target=\"_blank\" rel=\"noopener\">Aachen<\/a> auch 2025 wieder ganz im Zeichen des Reitsports. Weltklasse-Akteure im Springen, in der Dressur, in der Vielseitigkeit, im Voltigieren und im Viersp\u00e4nner-Fahren k\u00e4mpfen beim CHIO 2025 um prestigetr\u00e4chtige Siege und jede Menge Preisgeld.<\/p>\n<p class=\"richtext text-em-55 !leading-serif mx-6 desktop:mx-0\">Wir sagen Ihnen, wann welche Pr\u00fcfungen wo beim <a href=\"https:\/\/rp-online.de\/thema\/chio-aachen\/\" target=\"_blank\" rel=\"noopener\">CHIO Aachen<\/a> 2025 stattfinden:<\/p>\n","protected":false},"excerpt":{"rendered":"Zehn Tage lang steht Aachen auch 2025 wieder ganz im Zeichen des Reitsports. Weltklasse-Akteure im Springen, in der&hellip;\n","protected":false},"author":2,"featured_media":181922,"comment_status":"","ping_status":"","sticky":false,"template":"","format":"standard","meta":{"footnotes":""},"categories":[1853],"tags":[51463,1424,2294,3364,3280,23532,29,61109,61112,548,663,3934,61107,30,61103,13,61111,14,61110,61108,15,1209,828,12,18865,61104,8424,9717,61106,61105,61113],"class_list":{"0":"post-181921","1":"post","2":"type-post","3":"status-publish","4":"format-standard","5":"has-post-thumbnail","7":"category-aachen","8":"tag-preisgeld","9":"tag-aachen","10":"tag-bank","11":"tag-de","12":"tag-deutsche","13":"tag-deutscher","14":"tag-deutschland","15":"tag-dressurpreis","16":"tag-eroeffnungsspringen","17":"tag-eu","18":"tag-europa","19":"tag-europe","20":"tag-fahrstadion","21":"tag-germany","22":"tag-hauptstadion","23":"tag-headlines","24":"tag-jagdspringpruefung","25":"tag-nachrichten","26":"tag-nationen","27":"tag-nationenpreis","28":"tag-news","29":"tag-nordrhein-westfalen","30":"tag-preis","31":"tag-schlagzeilen","32":"tag-spring","33":"tag-springpruefung","34":"tag-stadion","35":"tag-uhr","36":"tag-vahle","37":"tag-voltigieren","38":"tag-wanderpreis"},"share_on_mastodon":{"url":"https:\/\/pubeurope.com\/@de\/114664767173319932","error":""},"_links":{"self":[{"href":"https:\/\/www.europesays.com\/de\/wp-json\/wp\/v2\/posts\/181921","targetHints":{"allow":["GET"]}}],"collection":[{"href":"https:\/\/www.europesays.com\/de\/wp-json\/wp\/v2\/posts"}],"about":[{"href":"https:\/\/www.europesays.com\/de\/wp-json\/wp\/v2\/types\/post"}],"author":[{"embeddable":true,"href":"https:\/\/www.europesays.com\/de\/wp-json\/wp\/v2\/users\/2"}],"replies":[{"embeddable":true,"href":"https:\/\/www.europesays.com\/de\/wp-json\/wp\/v2\/comments?post=181921"}],"version-history":[{"count":0,"href":"https:\/\/www.europesays.com\/de\/wp-json\/wp\/v2\/posts\/181921\/revisions"}],"wp:featuredmedia":[{"embeddable":true,"href":"https:\/\/www.europesays.com\/de\/wp-json\/wp\/v2\/media\/181922"}],"wp:attachment":[{"href":"https:\/\/www.europesays.com\/de\/wp-json\/wp\/v2\/media?parent=181921"}],"wp:term":[{"taxonomy":"category","embeddable":true,"href":"https:\/\/www.europesays.com\/de\/wp-json\/wp\/v2\/categories?post=181921"},{"taxonomy":"post_tag","embeddable":true,"href":"https:\/\/www.europesays.com\/de\/wp-json\/wp\/v2\/tags?post=181921"}],"curies":[{"name":"wp","href":"https:\/\/api.w.org\/{rel}","templated":true}]}}