{"id":181989,"date":"2025-06-11T13:12:08","date_gmt":"2025-06-11T13:12:08","guid":{"rendered":"https:\/\/www.europesays.com\/de\/181989\/"},"modified":"2025-06-11T13:12:08","modified_gmt":"2025-06-11T13:12:08","slug":"hannover-96-extra-urlaub-fuer-benjamin-kaellman-tor-in-der-wm-quali-sport","status":"publish","type":"post","link":"https:\/\/www.europesays.com\/de\/181989\/","title":{"rendered":"Hannover 96: Extra-Urlaub f\u00fcr Benjamin K\u00e4llman \u2013 Tor in der WM-Quali | Sport"},"content":{"rendered":"<p>Das geht ja gut los!<\/p>\n<p>Benjamin K\u00e4llman (26) hat die finnische Nationalmannschaft zum 2:1-Sieg in der WM-Qualifikation gegen Polen gef\u00fchrt. Der neue St\u00fcrmerstar von <a href=\"https:\/\/www.bild.de\/sport\/fussball\/hannover-96\/startseite-hannover-96-31074452.bild.html\" class=\"text-link\" target=\"_blank\" rel=\"noopener\">Hannover 96 <\/a>traf nur eine Minute nach seiner Einwechslung, knipste in der 64. Minute nach Vorarbeit von Oliver Antman (23\/ Go Ahead Eagles) zur zwischenzeitlichen 2:0-F\u00fchrung.<\/p>\n<p>Auch interessant<\/p>\n<p>Anzeige<\/p>\n<p>Auch interessant<\/p>\n<p>Anzeige<\/p>\n<p><b>Es ist sein erstes Tor f\u00fcr Finnland seit einem Jahr (Juni 2024 beim 2:2 gegen Schottland) \u2013 und sein erstes als 96-Nachfolger von Nicolo Tresoldi (20)! <\/b><\/p>\n<p><a href=\"https:\/\/www.bild.de\/sport\/fussball\/hannover-96-torjaeger-aus-polen-hannover-holt-sohn-von-handball-legende-682c325f591a80205121f8c4\" class=\"text-link\" target=\"_blank\" rel=\"noopener\">K\u00e4llman kommt abl\u00f6sefrei vom polnischen Erstligisten Cracovia. <\/a>Der Sohn der finnischen Handball-Legende Mikael K\u00e4llman (61) ersetzt zuk\u00fcnftig Tresoldi, der f\u00fcr bis zu 10 Mio. Euro (inklusive Nachschl\u00e4ge und Boni) zum FC Br\u00fcgge wechselt.<\/p>\n<p>Durch den Sieg \u00fcbernahmen die Finnen mit sieben Punkten (aus 4 Spielen) Platz 1 in der WM-Quali-Gruppe G vor der Niederlande (6 Punkte aus 2 Spielen) und Polen (6 aus 3).<\/p>\n<p><b>96-Sportboss Marcus Mann (41): \u201eDas freut mich, dass er mit einem Tor und einem guten Gef\u00fchl in seine Pause geht.\u201c<\/b><\/p>\n<p><a href=\"https:\/\/www.bild.de\/sport\/fussball\/hannover-96-darum-fehlt-benjamin-kaellman-beim-trainingsstart-682e1c3e3dcfe03fd520175b\" class=\"text-link\" target=\"_blank\" rel=\"noopener\">K\u00e4llman bekommt Extra-Urlaub, muss nicht zum Trainingsstart (21. oder 22. Juni) in Hannover sein. <\/a>Die ersten Testspiele von Hannover 96 gegen die Amateurklubs Pattensen (27.6.) und HSC Hannover (28.6.) wird der neue Torj\u00e4ger verpassen. Er soll Anfang Juli einsteigen.<\/p>\n<p>Lesen Sie auch<\/p>\n<p>Vor dem Polen-Spiel kam K\u00e4llman auch drei Tage zuvor gegen die Niederlande (0:2) als Joker zum Einsatz, wurde in der 55. Minute eingewechselt. In Hannover ist er der zweite Finne im 96-Trikot nach Mikael Forssell (44), der zwischen 2008 und 2011 f\u00fcr Hannover 47 Spiele machte.<\/p>\n","protected":false},"excerpt":{"rendered":"Das geht ja gut los! Benjamin K\u00e4llman (26) hat die finnische Nationalmannschaft zum 2:1-Sieg in der WM-Qualifikation gegen&hellip;\n","protected":false},"author":2,"featured_media":181990,"comment_status":"","ping_status":"","sticky":false,"template":"","format":"standard","meta":{"footnotes":""},"categories":[1836],"tags":[3364,29,30,46,2366,3851,8829,61127,1411,542,45,12073,784],"class_list":{"0":"post-181989","1":"post","2":"type-post","3":"status-publish","4":"format-standard","5":"has-post-thumbnail","7":"category-hannover","8":"tag-de","9":"tag-deutschland","10":"tag-germany","11":"tag-hannover","12":"tag-hannover-96","13":"tag-krebs-florian","14":"tag-mann-marcus","15":"tag-nationalmannschaft-finnland","16":"tag-niedersachsen","17":"tag-sport-leuchtturm-hamburg","18":"tag-texttospeech","19":"tag-tresoldi-nicolo","20":"tag-zweite-bundesliga"},"share_on_mastodon":{"url":"https:\/\/pubeurope.com\/@de\/114664908047290056","error":""},"_links":{"self":[{"href":"https:\/\/www.europesays.com\/de\/wp-json\/wp\/v2\/posts\/181989","targetHints":{"allow":["GET"]}}],"collection":[{"href":"https:\/\/www.europesays.com\/de\/wp-json\/wp\/v2\/posts"}],"about":[{"href":"https:\/\/www.europesays.com\/de\/wp-json\/wp\/v2\/types\/post"}],"author":[{"embeddable":true,"href":"https:\/\/www.europesays.com\/de\/wp-json\/wp\/v2\/users\/2"}],"replies":[{"embeddable":true,"href":"https:\/\/www.europesays.com\/de\/wp-json\/wp\/v2\/comments?post=181989"}],"version-history":[{"count":0,"href":"https:\/\/www.europesays.com\/de\/wp-json\/wp\/v2\/posts\/181989\/revisions"}],"wp:featuredmedia":[{"embeddable":true,"href":"https:\/\/www.europesays.com\/de\/wp-json\/wp\/v2\/media\/181990"}],"wp:attachment":[{"href":"https:\/\/www.europesays.com\/de\/wp-json\/wp\/v2\/media?parent=181989"}],"wp:term":[{"taxonomy":"category","embeddable":true,"href":"https:\/\/www.europesays.com\/de\/wp-json\/wp\/v2\/categories?post=181989"},{"taxonomy":"post_tag","embeddable":true,"href":"https:\/\/www.europesays.com\/de\/wp-json\/wp\/v2\/tags?post=181989"}],"curies":[{"name":"wp","href":"https:\/\/api.w.org\/{rel}","templated":true}]}}