{"id":182036,"date":"2025-06-11T13:36:14","date_gmt":"2025-06-11T13:36:14","guid":{"rendered":"https:\/\/www.europesays.com\/de\/182036\/"},"modified":"2025-06-11T13:36:14","modified_gmt":"2025-06-11T13:36:14","slug":"wieder-straftaeter-nach-ausgang-nicht-zurueckgekehrt","status":"publish","type":"post","link":"https:\/\/www.europesays.com\/de\/182036\/","title":{"rendered":"Wieder Straft\u00e4ter nach Ausgang nicht zur\u00fcckgekehrt"},"content":{"rendered":"<p class=\"article_paragraph__hXYKJ\">In <a href=\"https:\/\/www.berliner-zeitung.de\/topics\/berlin\" rel=\"nofollow noopener\" target=\"_blank\">Berlin<\/a> ist ein Straft\u00e4ter nach einem Ausgang nicht zur\u00fcck in die <a href=\"https:\/\/www.berliner-zeitung.de\/topics\/justizvollzugsanstalt\" rel=\"nofollow noopener\" target=\"_blank\">Justizvollzugsanstalt<\/a> Tegel zur\u00fcckgekehrt. Wie die Senatsverwaltung f\u00fcr Justiz der Berliner Zeitung best\u00e4tigte, handelt es sich um einen 39-J\u00e4hrigen, der bereits seit Sonntag abg\u00e4ngig ist. Er soll unter anderem wegen Raubtaten zu mehreren Jahren Haft verurteilt worden sein.<\/p>\n<p class=\"article_paragraph__hXYKJ\">Der Mann soll seit Monaten die Erlaubnis gehabt haben, die JVA zu verlassen und tat das auch Dutzende Male, bis er nun nicht zur\u00fcckkehrte. Nun sucht die Berliner <a href=\"https:\/\/www.berliner-zeitung.de\/topics\/polizei\" rel=\"nofollow noopener\" target=\"_blank\">Polizei<\/a> nach dem Mann.<\/p>\n<p>Nicht der erste Vorfall: Weitere M\u00e4nner kehrten nicht zur\u00fcck<\/p>\n<p class=\"article_paragraph__hXYKJ\">Es ist nicht das erste Mal, dass ein Straft\u00e4ter nach einem Ausgang nicht in die JVA Tegel beziehungsweise die Sicherungsverwahrung zur\u00fcckkehrt sind. In den vergangenen Jahren waren gleich mehrere Verurteilte zumindest zeitweilig auf der Flucht. Vor fast genau zw\u00f6lf Monaten war ein 57-j\u00e4hriger wegen Vergewaltigung verurteilter Mann abg\u00e4ngig. Damals gab die Senatsverwaltung der Justiz an, dass er von einem Besuch bei seiner Mutter in Berlin-Neuk\u00f6lln nicht in die Sicherungsverwahrung zur\u00fcckkehrte.<\/p>\n<p class=\"article_paragraph__hXYKJ\">Auch zwei psychisch kranke und als gef\u00e4hrlich geltende M\u00e4nner waren zwischenzeitlich auf der Fluch. Die H\u00e4ftlinge waren <a href=\"https:\/\/www.berliner-zeitung.de\/news\/manner-fliehen-aus-berliner-massregelvollzug-zwei-verletzte-li.2171232\" rel=\"nofollow noopener\" target=\"_blank\">aus dem Ma\u00dfregelvollzug in Berlin-Reinickendorf entkommen<\/a>. Nach Angaben der f\u00fcr den Ma\u00dfregelvollzug zust\u00e4ndigen Berliner Gesundheitsverwaltung rief zun\u00e4chst ein 34-j\u00e4hriger Insasse gegen 3.30 Uhr eine 45-j\u00e4hrige Krankenschwester unter einem Vorwand zu sich und schlug diese dann mit einer Pfanne nieder.<\/p>\n","protected":false},"excerpt":{"rendered":"In Berlin ist ein Straft\u00e4ter nach einem Ausgang nicht zur\u00fcck in die Justizvollzugsanstalt Tegel zur\u00fcckgekehrt. Wie die Senatsverwaltung&hellip;\n","protected":false},"author":2,"featured_media":182037,"comment_status":"","ping_status":"","sticky":false,"template":"","format":"standard","meta":{"footnotes":""},"categories":[1825],"tags":[1941,1939,296,1937,29,30,1940,1938],"class_list":{"0":"post-182036","1":"post","2":"type-post","3":"status-publish","4":"format-standard","5":"has-post-thumbnail","7":"category-berlin","8":"tag-aktuelle-nachrichten-aus-berlin","9":"tag-aktuelle-news-aus-berlin","10":"tag-berlin","11":"tag-berlin-news","12":"tag-deutschland","13":"tag-germany","14":"tag-nachrichten-aus-berlin","15":"tag-news-aus-berlin"},"share_on_mastodon":{"url":"https:\/\/pubeurope.com\/@de\/114665002382093411","error":""},"_links":{"self":[{"href":"https:\/\/www.europesays.com\/de\/wp-json\/wp\/v2\/posts\/182036","targetHints":{"allow":["GET"]}}],"collection":[{"href":"https:\/\/www.europesays.com\/de\/wp-json\/wp\/v2\/posts"}],"about":[{"href":"https:\/\/www.europesays.com\/de\/wp-json\/wp\/v2\/types\/post"}],"author":[{"embeddable":true,"href":"https:\/\/www.europesays.com\/de\/wp-json\/wp\/v2\/users\/2"}],"replies":[{"embeddable":true,"href":"https:\/\/www.europesays.com\/de\/wp-json\/wp\/v2\/comments?post=182036"}],"version-history":[{"count":0,"href":"https:\/\/www.europesays.com\/de\/wp-json\/wp\/v2\/posts\/182036\/revisions"}],"wp:featuredmedia":[{"embeddable":true,"href":"https:\/\/www.europesays.com\/de\/wp-json\/wp\/v2\/media\/182037"}],"wp:attachment":[{"href":"https:\/\/www.europesays.com\/de\/wp-json\/wp\/v2\/media?parent=182036"}],"wp:term":[{"taxonomy":"category","embeddable":true,"href":"https:\/\/www.europesays.com\/de\/wp-json\/wp\/v2\/categories?post=182036"},{"taxonomy":"post_tag","embeddable":true,"href":"https:\/\/www.europesays.com\/de\/wp-json\/wp\/v2\/tags?post=182036"}],"curies":[{"name":"wp","href":"https:\/\/api.w.org\/{rel}","templated":true}]}}