{"id":182251,"date":"2025-06-11T15:25:09","date_gmt":"2025-06-11T15:25:09","guid":{"rendered":"https:\/\/www.europesays.com\/de\/182251\/"},"modified":"2025-06-11T15:25:09","modified_gmt":"2025-06-11T15:25:09","slug":"das-fest-auf-der-feldbuehne-rocken-talente-und-veteranen-karlsruhe","status":"publish","type":"post","link":"https:\/\/www.europesays.com\/de\/182251\/","title":{"rendered":"Das Fest: Auf der Feldb\u00fchne rocken Talente und Veteranen &#8211; Karlsruhe"},"content":{"rendered":"<p class=\"rhp-dpa-teaser\"><b>Die Feldb\u00fchne  ist Ende Juli beim Festival \u201eDas Fest\u201c in Karlsruhe kostenfreier Hotspot f\u00fcr Szene-Entdecker und Tanzw\u00fctige.<\/b><\/p>\n<p>Vom 24. bis 27. Juli verwandelt sich die G\u00fcnther-Klotz-Anlage in <a class=\"rtr-entity\" data-rtr-entity=\"Karlsruhe\" data-rtr-id=\"80c7016b06fa35b3df6c5c0b41fd6df26fb493b1\" data-rtr-score=\"175.40515043345232\" data-rtr-etype=\"location\" data-rtr-index=\"16\" href=\"https:\/\/www.rheinpfalz.de\/themen\/karlsruhe?utm_source=rheinpfalz.de&amp;utm_medium=tms&amp;utm_campaign=intext\" rel=\"nofollow noopener\" target=\"_blank\">Karlsruhe<\/a> erneut in eines der gr\u00f6\u00dften Familienfestivals <a class=\"rtr-entity\" data-rtr-entity=\"Deutschland\" data-rtr-id=\"6c48d7d5b099c64b41367070a52ae27833560fd5\" data-rtr-score=\"7.2628760836308\" data-rtr-etype=\"location\" data-rtr-index=\"7\" href=\"https:\/\/www.rheinpfalz.de\/themen\/deutschland?utm_source=rheinpfalz.de&amp;utm_medium=tms&amp;utm_campaign=intext\" rel=\"nofollow noopener\" target=\"_blank\">Deutschlands<\/a>. F\u00fcr die Jubil\u00e4umsausgabe von \u201eDas Fest\u201c scheinen musikalische Sternstunden garantiert: Auf der Hauptb\u00fchne mit dabei sind unter anderem <a class=\"rtr-entity\" data-rtr-entity=\"Max Giesinger\" data-rtr-id=\"2a6cd93f10d6e08e4461409dd3e097660ab9aab7\" data-rtr-score=\"13.955889852116268\" data-rtr-etype=\"person\" data-rtr-index=\"4\" href=\"https:\/\/www.rheinpfalz.de\/themen\/max-giesinger?utm_source=rheinpfalz.de&amp;utm_medium=tms&amp;utm_campaign=intext\" rel=\"nofollow noopener\" target=\"_blank\">Max Giesinger<\/a> &amp; Friends, Faithless, 01099 sowie Clueso und Amy Macdonald, die quasi als Doppel-Headliner am \u201e<a class=\"rtr-entity\" data-rtr-entity=\"dm\" data-rtr-id=\"10cf4001318ea4379e3feca3002d9ebb3a2a677f\" data-rtr-score=\"13.53901070882203\" data-rtr-etype=\"organisation\" data-rtr-index=\"32\" href=\"https:\/\/www.rheinpfalz.de\/themen\/dm?utm_source=rheinpfalz.de&amp;utm_medium=tms&amp;utm_campaign=intext\" rel=\"nofollow noopener\" target=\"_blank\">dm<\/a> Fest-Sonntag\u201c den Feierlichkeiten zu 40 Jahren \u201eDas Fest\u201c in Karlsruhe ein w\u00fcrdiges Finale bereiten wollen. <\/p>\n<p>Tickets f\u00fcr die Hauptb\u00fchne \u2013 auf der zudem zahlreiche weitere herausragende  K\u00fcnstler und Bands wie Gro\u00dfstadtgefl\u00fcster, Zoe Wees, Kaizers Orchestra, Bruckner, DakhaBrakha, ok.danke.tsch\u00fcss, Kochkraft durch KMA, Beauty &amp; The Beats, Banda Senderos, Soffie, JxP, die KIT Big Band sowie das \u201eDas Fest\u201c Klassik Orchester &amp; der Bachchor Karlsruhe auftreten \u2013 gibt es noch \u00fcber Eventim oder unter www.dasfest.de\/tickets. Ausverkauft ist bereits der Samstag.<\/p>\n<p>Gro\u00dfteil des Festival-Programms ist kostenfrei<\/p>\n<p>Dabei ist f\u00fcr den Besuch des Festivals nicht zwingend ein Ticket n\u00f6tig: Mehr als 70 Prozent des Programms sind ohne Eintrittskarte zug\u00e4nglich. B\u00fchnen wie die Caf\u00e9-B\u00fchne \u2013 auf der ab dem 14. Juli bereits auf \u201eDas Fest\u201c eingegroovt wird \u2013 der \u201eFest-Floor\u201c, die Kulturb\u00fchne oder auch die Feldb\u00fchne bieten ein Programm, das f\u00fcr sich allein genommen bereits als eigenes Festival firmieren k\u00f6nnte. <\/p>\n<p>Rap, Rock und StreetdanceEin genauer Blick auf das Programm auf der  Feldb\u00fchne lohnt sich:  Vom 24. bis 27. Juli pr\u00e4sentiert das \u201ejubez-Booking-Team\u201c des Stadtjugendausschusses in Kooperation mit der Karlsruhe Marketing und Event GmbH sowie  Partnern wie Popnetz Karlsruhe, pop-bw, European Talent Exchange, LMZ BW, Musikmobil Soundtruck und dem jubez ein genre\u00fcbergreifendes Programm. \u201eOb lokale Newcomer, internationale Geheimtipps oder partytaugliche Live-Veteranen \u2013 auf der Feldb\u00fchne pulsiert das musikalische Leben\u201c, hei\u00dft es in einer Mitteilung. <\/p>\n<p>Feldb\u00fchne: Von Schlecht bis Civi Blue<\/p>\n<p>Am Donnerstag lockt die lokale Formation Schlecht ab 19.30 Uhr mit jazzigem Instrumental-Hip-Hop, gespickt mit Soul-Elementen und unterst\u00fctzt von Rapper Yoshi Tschira auf die Feldb\u00fchne. Ab 21 Uhr wollen Jamaram meets Jahcoustix mit \u00fcber 25 Jahren Reggae-Erfahrung die B\u00fchne zum Beben bringen\u2013 mit  Dancehall-Vibes und geballter Live-Energie.<\/p>\n<p>Am Freitag entl\u00e4dt ab 21 Uhr  die belgische Sludgemetal-Band Doodseskader rohe Energie auf der B\u00fchne. Ab 22.45 Uhr folgen Dirty Sound Magnet aus der Schweiz mit psychedelischem Power-Rock.<\/p>\n<p>Am Samstag geht es um 17.15 Uhr weiter mit Civi Blue, der Gewinnerband des  New Bands Festivals 2024 mit entspannter Psychedelic-Atmosph\u00e4re. Um 20.30 Uhr \u00fcbernimmt der schwedische Act Boko Yout die B\u00fchne mit seinem  Afro-Grunge-Sound. <\/p>\n<p>Streetdance: Best of The Show zum Jubil\u00e4um<\/p>\n<p>Der Sonntag startet um 11 Uhr mit der Mitmach-Aktion \u201eBitte Was?! des Landesmedienzentrums Baden-W\u00fcrttemberg, bei der junge Talente mit Unterst\u00fctzung von Coaches wie Toni-L, Cris Cosmo, Danny Fresh und Ben Bohnert ihre Stimme gegen Fake und Hass erheben. <\/p>\n<p>Um 12.30 Uhr am Sonntag folgt die Jubil\u00e4umsausgabe von Best of The Show, bei der Streetdance-Gruppen das 25-j\u00e4hrige Bestehen des Projekts feiern. Ab 19.45 Uhr pr\u00e4sentiert  Joulie Fox zweisprachigen Indiepop aus Polen, bevor ab 21.30 Uhr der renommierte Handpan-K\u00fcnstler Manu Delago mit magischen Klanglandschaften und einem  Bekenntnis zum Umweltschutz das gro\u00dfe Finale auf der Feldb\u00fchne gestaltet. <\/p>\n<p class=\"rhp-closing-headline\"> Info<\/p>\n<p class=\"rhp-closing-credits\">Das Festival \u201eDas Fest\u201c im Netz: <a href=\"https:\/\/www.dasfest.de\/\" target=\"_blank\" class=\"external-link-new-window\" title=\"\" rel=\"nofollow noopener\">www.dasfest.de<\/a>, www.facebook.com\/dasfestkarlsruhe, www.instagram.com\/dasfestkarlsruhe,  www.tiktok.com\/@dasfestkarlsruhe.  Der Karten-Vorverkauf f\u00fcr das Festival l\u00e4uft exklusiv \u00fcber Eventim.<\/p>\n<p><img decoding=\"async\" loading=\"lazy\" src=\"https:\/\/www.europesays.com\/de\/wp-content\/uploads\/2025\/06\/6773145_2_articledetail_civiblue_2024.webp.webp\" alt=\"Die Band Civi Blue ist Gewinner des New Bands Festivals 2024 \u2013 und spielt am 26. Juli auf der Feldb\u00fchne.\" title=\"Die Band Civi Blue ist Gewinner des New Bands Festivals 2024 \u2013 und spielt am 26. Juli auf der Feldb\u00fchne.\" width=\"753\" height=\"502\" class=\"nfy-mobile-first\"\/> Die Band Civi Blue ist Gewinner des New Bands Festivals 2024 \u2013 und spielt am 26. Juli auf der Feldb\u00fchne.Foto: Civi Blue\/oho<br \/>\n<script async src=\"\/\/www.instagram.com\/embed.js\"><\/script><script async src=\"\/\/www.tiktok.com\/embed.js\"><\/script><\/p>\n","protected":false},"excerpt":{"rendered":"Die Feldb\u00fchne ist Ende Juli beim Festival \u201eDas Fest\u201c in Karlsruhe kostenfreier Hotspot f\u00fcr Szene-Entdecker und Tanzw\u00fctige. Vom&hellip;\n","protected":false},"author":2,"featured_media":182252,"comment_status":"","ping_status":"","sticky":false,"template":"","format":"standard","meta":{"footnotes":""},"categories":[1844],"tags":[55515,61183,1634,33105,3364,29,10214,30,61185,8903,4060,61182,61184],"class_list":{"0":"post-182251","1":"post","2":"type-post","3":"status-publish","4":"format-standard","5":"has-post-thumbnail","7":"category-karlsruhe","8":"tag-clueso","9":"tag-amy-macdonald","10":"tag-baden-wuerttemberg","11":"tag-cts-eventim","12":"tag-de","13":"tag-deutschland","14":"tag-dm","15":"tag-germany","16":"tag-kaizers-orchestra","17":"tag-karlsruhe","18":"tag-lokal","19":"tag-max-giesinger","20":"tag-zoe-wees"},"share_on_mastodon":{"url":"https:\/\/pubeurope.com\/@de\/114665431052682966","error":""},"_links":{"self":[{"href":"https:\/\/www.europesays.com\/de\/wp-json\/wp\/v2\/posts\/182251","targetHints":{"allow":["GET"]}}],"collection":[{"href":"https:\/\/www.europesays.com\/de\/wp-json\/wp\/v2\/posts"}],"about":[{"href":"https:\/\/www.europesays.com\/de\/wp-json\/wp\/v2\/types\/post"}],"author":[{"embeddable":true,"href":"https:\/\/www.europesays.com\/de\/wp-json\/wp\/v2\/users\/2"}],"replies":[{"embeddable":true,"href":"https:\/\/www.europesays.com\/de\/wp-json\/wp\/v2\/comments?post=182251"}],"version-history":[{"count":0,"href":"https:\/\/www.europesays.com\/de\/wp-json\/wp\/v2\/posts\/182251\/revisions"}],"wp:featuredmedia":[{"embeddable":true,"href":"https:\/\/www.europesays.com\/de\/wp-json\/wp\/v2\/media\/182252"}],"wp:attachment":[{"href":"https:\/\/www.europesays.com\/de\/wp-json\/wp\/v2\/media?parent=182251"}],"wp:term":[{"taxonomy":"category","embeddable":true,"href":"https:\/\/www.europesays.com\/de\/wp-json\/wp\/v2\/categories?post=182251"},{"taxonomy":"post_tag","embeddable":true,"href":"https:\/\/www.europesays.com\/de\/wp-json\/wp\/v2\/tags?post=182251"}],"curies":[{"name":"wp","href":"https:\/\/api.w.org\/{rel}","templated":true}]}}