{"id":182321,"date":"2025-06-11T16:01:10","date_gmt":"2025-06-11T16:01:10","guid":{"rendered":"https:\/\/www.europesays.com\/de\/182321\/"},"modified":"2025-06-11T16:01:10","modified_gmt":"2025-06-11T16:01:10","slug":"anklage-gegen-sechs-mutmassliche-mitglieder-und-einen-mutmasslichen-unterstuetzer-einer-linksextremistischen-kriminellen-vereinigung-erhoben","status":"publish","type":"post","link":"https:\/\/www.europesays.com\/de\/182321\/","title":{"rendered":"Anklage gegen sechs mutma\u00dfliche Mitglieder und einen mutma\u00dflichen Unterst\u00fctzer einer linksextremistischen kriminellen Vereinigung erhoben"},"content":{"rendered":"<p>Die Bundesanwaltschaft hat am 28. Mai 2025 vor dem Staatsschutzsenat des Oberlandesgerichts Dresden Anklage gegen die deutschen Staatsangeh\u00f6rigen Henry A., Tobias E., Johann G., Thomas J., Melissa K., Paul M. Und Julian W. erhoben.<\/p>\n<p>Die Angeschuldigten sind der Mitgliedschaft in oder \u2013 im Falle von Thomas J. \u2013 der Unterst\u00fctzung einer kriminellen Vereinigung (\u00a7 129 Abs. 1 Satz 1 und 2 StGB) hinreichend verd\u00e4chtig. In diesem Zusammenhang wird allen Angeschuldigten auch gef\u00e4hrliche K\u00f6rperverletzung (\u00a7 223 Abs. 1, \u00a7 224 Abs. 1 StGB) vorgeworfen, wobei Melissa K. insoweit Gehilfin (\u00a7 27 StGB) gewesen sein soll. <\/p>\n<p>Gegen Tobias E., Johann G. und Paul M. besteht \u00fcberdies der hinreichende Verdacht des versuchten Mordes (\u00a7 211 StGB) sowie \u2013 ebenso wie f\u00fcr Julian W. \u2013 der Sachbesch\u00e4digung (\u00a7 303 StGB), der Urkundenf\u00e4lschung (\u00a7 267 Abs. 1 StGB) und des gef\u00e4hrlichen Eingriffs in den Stra\u00dfenverkehr (\u00a7 315b Abs. 1 Nr. 3, Abs. 2 und Abs. 3 i.V.m. \u00a7 315 Abs. 3 Nr. 1b StGB). Johann G. und Paul M. wird weiter schwerer Diebstahl (\u00a7 242 Abs. 1, \u00a7 244 Abs. 1 Nr. 1 StGB) zur Last gelegt. Thomas J. soll zudem Sachbesch\u00e4digung begangen haben.<\/p>\n<p>In der zugestellten Anklageschrift ist im Wesentlichen folgender Sachverhalt dargelegt:<\/p>\n<p>Die Angeschuldigten geh\u00f6rten \u2013 als Mitglieder oder Unterst\u00fctzer \u2013 zu einer sp\u00e4testens Ende 2017\/Anfang 2018 in und um Leipzig gegr\u00fcndeten Vereinigung, deren Mitglieder eine militante linksextremistische Ideologie teilten. Dies schloss insbesondere die Ablehnung des bestehenden demokratischen Rechtsstaates, des Grundrechts auf freie Meinungs\u00e4u\u00dferung sowie des staatlichen Gewaltmonopols ein. Die auch \u00fcberregional vernetzte Gruppierung ver\u00fcbte \u00fcber mehrere Jahre hinweg gewaltsame Angriffe gegen Personen, die ihrer Ansicht nach aus der \u201erechten Szene\u201c kamen. Die Aktionen wurden in der Regel intensiv vorbereitet. Sie schlossen etwa im Vorfeld die Aussp\u00e4hung der Lebensgewohnheiten der ausgew\u00e4hlten Tatopfer ein.<\/p>\n<p>Innerhalb der Vereinigung nahm Johann G. zusammen mit der rechtskr\u00e4ftig verurteilten Lina E. eine herausgehobene Stellung ein. Er war ma\u00dfgeblich f\u00fcr die Planung und Durchf\u00fchrung von Angriffen zust\u00e4ndig, sprach gezielt Mitt\u00e4ter f\u00fcr einzelne Aktionen an und vernetzte sich in der linksextremistischen Szene, um weitere Personen zu mobilisieren. Gemeinsam mit Paul M. organisierte er Schulungen, bei denen Anh\u00e4ngern der Vereinigung Kampftechniken vermittelt und Angriffsszenarien einstudiert wurden. <\/p>\n<p>Paul M. k\u00fcmmerte sich zudem um die Unterhaltung eines \u201eTatmitteldepots\u201c. Dort hielt die Vereinigung f\u00fcr geplante Angriffe unter anderem Schlagwerkzeuge, Pfefferspray, Vermummungsutensilien und Mobiltelefone vorr\u00e4tig. Den Schl\u00fcssel zu dem Raum verwahrte Henry A. Melissa K. \u00fcbernahm die Aussp\u00e4hung potentieller Tatopfer. Thomas J. stellte sich bei mehreren Gelegenheiten als Trainer zur Verf\u00fcgung.<\/p>\n<p>Unter wechselnder Beteiligung seitens der Angeschuldigten und anderer Mitt\u00e4ter kam es zu folgenden konkreten \u00dcberf\u00e4llen:<\/p>\n<p>Am 30. Oktober 2018 drangen mehrere Anh\u00e4nger der Vereinigung in Wurzen mit Tritten und einem Schlagstock auf einen Mann ein. Der Gesch\u00e4digte erlitt schwere Verletzungen. Melissa K. unterst\u00fctzte die Tat, indem sie vorbereitend die Wohnumgebung und die Lebensgewohnheiten des Opfers aussp\u00e4hte.<\/p>\n<p>Am 8. Januar 2019 griff Johann G. zusammen mit anderen einen Mann in Leipzig-Connewitz an. Der Gesch\u00e4digte wurde mit Faustschl\u00e4gen zu Boden gebracht und dort mit Tritten und einem Schlagwerkzeug gegen Kopf und Rumpf massiv verletzt.<\/p>\n<p>Am 19. Januar 2019 \u00fcberfielen Tobias E. und Johann G. mit weiteren Anh\u00e4ngern der Vereinigung am Bahnhof Dessau-Ro\u00dflau vier Personen, die sich auf dem R\u00fcckweg von einer Kundgebung in Magdeburg anl\u00e4sslich des Jahrestages der Bombardierung der Stadt befanden. Die Angreifer schlugen mit schweren Schlagwerkzeugen, darunter ein Hammer und eine Eisenstange, gezielt auf den Kopfbereich der Opfer ein und versetzten ihnen selbst dann noch lebensgef\u00e4hrliche Schl\u00e4ge und Tritte gegen den Kopf, als sie am Boden lagen.<\/p>\n<p>Am 19. Oktober 2019 ver\u00fcbten Johann G. und Thomas J. zusammen mit anderen einen Anschlag auf den Inhaber und die Besucher einer Gastst\u00e4tte in Eisenach. Die Gastst\u00e4tte wurde als Ziel ausgew\u00e4hlt, da es sich um einen Treffpunkt der \u201erechten Szene\u201c handelte. Ein Teil der Gruppe \u2013 darunter Johann G. und Thomas J. \u2013 drang in die R\u00e4umlichkeiten ein, zerst\u00f6rte Inventar und griff die Gesch\u00e4digten unter anderem mit Schlagst\u00f6cken, Reizstoffspr\u00fchger\u00e4ten und Faustschl\u00e4gen an.<\/p>\n<p>Am 21. Oktober 2019 \u00fcberfielen Paul M. und ein Mitt\u00e4ter ein \u201eThor-Steinar\u201c-Ladengesch\u00e4ft in Dortmund. Dabei verspr\u00fchten sie gro\u00dffl\u00e4chig zwei Substanzen, eine davon Butters\u00e4ure. Es entstand ein erheblicher Sachschaden; die anwesende Verk\u00e4uferin erlitt eine Augenverletzung. Die T\u00e4ter entwendeten zudem Bekleidungsst\u00fccke, um diese f\u00fcr k\u00fcnftige Aussp\u00e4haktionen zu verwenden. Johann G. hatte den \u00dcberfall geplant und stellte im Nachgang Filmaufnahmen von der Tat ins Internet.<\/p>\n<p>Am 14. Dezember 2019 attackierten Tobias E., Johann G., Paul M. und Julian W. zusammen mit anderen erneut den Inhaber der Gastst\u00e4tte in Eisenach. Die Angreifer verfolgten den Mann bis zu dessen Wohnung und schlugen dort mit Schlagst\u00f6cken auf ihn ein. Anschlie\u00dfend griff die Gruppe auch die drei Begleiter des Opfers an, welche sich in ihr Kraftfahrzeug gefl\u00fcchtet hatten. <\/p>\n<p>Mit Stangen und Schlagst\u00f6cken wurde zun\u00e4chst der Pkw zerbeult. Sodann verspr\u00fchten die Angreifer durch die zertr\u00fcmmerten Scheiben Reizstoff in das Fahrzeuginnere und schlugen vielfach auf die Gesch\u00e4digten, auch mit Schlagwerkzeugen, ein. Nach der Tat fl\u00fcchteten die T\u00e4ter mit hoher Geschwindigkeit in Fahrzeugen, an denen sie entwendete Kennzeichen angebracht hatten. Um Polizeibeamte abzusch\u00fctteln, warfen sie blickdichte Plastikt\u00fcten in Richtung des sie verfolgenden Streifenwagen.<\/p>\n<p>Am 15. Februar 2020 \u00fcberfiel Henry A. gemeinsam mit anderen am Bahnhof in Wurzen sechs Personen, die von einer Gedenkveranstaltung in Dresden anl\u00e4sslich des 75. Jahrestags der Bombardierung der Stadt kamen. Die Opfer waren vorab auf ihrer Zugfahrt unter anderem von Johann G. ausgekundschaftet worden. In Wurzen passten die zahlenm\u00e4\u00dfig \u00fcberlegenen Angreifer sie aus einem Hinterhalt heraus ab. Vier der Angegriffenen wurden mit zahlreichen Schlagstock- und Faustschl\u00e4gen zu Boden gebracht. Am Boden liegend erhielten sie weitere Tritte und Schl\u00e4ge gegen den Kopf. Hierdurch erlitten sie erhebliche Verletzungen.<\/p>\n<p>Am 12. Januar 2023 griff Johann G. mit anderen in Erfurt zwei zuvor ausgesp\u00e4hte Personen an. Die Gruppe n\u00e4herte sich den Opfern von hinten an und brachte sie zu Fall. Sodann wurde ihnen mit der Faust, Schlagst\u00f6cken und einem Hammer mehrfach wuchtig, zum Teil lebensgef\u00e4hrlich auch gegen den Kopf geschlagen.<\/p>\n<p>In der Zeit vom 9. Februar bis 11. Februar 2023 beteiligten sich Johann G. und Paul M. an mehreren \u00dcbergriffen in Budapest. Die Vorf\u00e4lle ereigneten sich anl\u00e4sslich des sogenannten \u201eTags der Ehre\u201c, zu dem Rechtsextremisten aus ganz Europa jedes Jahr in die Hauptstadt Ungarns reisen. Am Morgen des 9. Februar 2023 griffen Paul M. und eine andere Person am Budapester Bahnhof einen Mann mit Pfefferspray an. <\/p>\n<p>Kurz darauf \u00fcberfiel eine Gruppe um Johann G. und Paul M. drei Personen vor einem Caf\u00e9 in der Budapester Innenstadt. Dabei traten und schlugen die Angreifer unter anderem mit Schlagst\u00f6cken auf die Gesch\u00e4digten ein. F\u00fcr eine weitere Tat am Vormittag des 10. Februar 2023 sp\u00e4hte Paul M. das Opfer aus. Dieses wurde sodann an einem \u00f6ffentlichen Platz hinterr\u00fccks angegriffen und massiv am Kopf verletzt. <\/p>\n<p>Am sp\u00e4ten Abend des 10. Februar 2023 attackierten Paul M. und andere zwei Personen auf offener Stra\u00dfe. Die T\u00e4ter spr\u00fchten den Opfern eine unbekannte Substanz ins Gesicht und schlugen wiederholt auf sie ein. Ein Gesch\u00e4digter wurde mit einem Schlag gegen den Kopf zu Boden gebracht. Auch als er bewusstlos auf dem Gehsteig lag, erhielt er weitere Schl\u00e4ge mit einem Schlagwerkzeug auf den Kopf und den gesamten K\u00f6rper. <\/p>\n<p>Am fr\u00fchen Morgen des 11. Februar 2023 griff Johann G. gemeinsam mit anderen zwei Personen mit Pfefferspray, Schlagst\u00f6cken und einem Hammer an. Eines der Opfer erhielt mindestens 15 Schl\u00e4ge \u00fcberwiegend gegen den Kopf.<\/p>\n<p>Tobias E., Johann G., Thomas J. und Paul M. wurden zwischen dem 21. Oktober 2024 und dem 20. Januar 2025 festgenommen (vgl. Pressemitteilungen Nrn. 54 und 55 vom 22. und 23. Oktober 2024, Nr. 66 und 67 vom 9. November 2024, Nr. 74 vom 23. Dezember 2024 und Nrn. 7 und 9 vom 21. und 22. Januar 2025). Sie befinden sich weiterhin in Untersuchungshaft. Henry A., Melissa K. und Julian W. sind auf freiem Fu\u00df.<\/p>\n","protected":false},"excerpt":{"rendered":"Die Bundesanwaltschaft hat am 28. Mai 2025 vor dem Staatsschutzsenat des Oberlandesgerichts Dresden Anklage gegen die deutschen Staatsangeh\u00f6rigen&hellip;\n","protected":false},"author":2,"featured_media":182322,"comment_status":"","ping_status":"","sticky":false,"template":"","format":"standard","meta":{"footnotes":""},"categories":[1832],"tags":[51827,3364,29,30,71,61197,12623,121,859],"class_list":{"0":"post-182321","1":"post","2":"type-post","3":"status-publish","4":"format-standard","5":"has-post-thumbnail","7":"category-leipzig","8":"tag-anklageerhebung","9":"tag-de","10":"tag-deutschland","11":"tag-germany","12":"tag-leipzig","13":"tag-lina-e","14":"tag-linksextremismus","15":"tag-polizei","16":"tag-sachsen"},"share_on_mastodon":{"url":"","error":""},"_links":{"self":[{"href":"https:\/\/www.europesays.com\/de\/wp-json\/wp\/v2\/posts\/182321","targetHints":{"allow":["GET"]}}],"collection":[{"href":"https:\/\/www.europesays.com\/de\/wp-json\/wp\/v2\/posts"}],"about":[{"href":"https:\/\/www.europesays.com\/de\/wp-json\/wp\/v2\/types\/post"}],"author":[{"embeddable":true,"href":"https:\/\/www.europesays.com\/de\/wp-json\/wp\/v2\/users\/2"}],"replies":[{"embeddable":true,"href":"https:\/\/www.europesays.com\/de\/wp-json\/wp\/v2\/comments?post=182321"}],"version-history":[{"count":0,"href":"https:\/\/www.europesays.com\/de\/wp-json\/wp\/v2\/posts\/182321\/revisions"}],"wp:featuredmedia":[{"embeddable":true,"href":"https:\/\/www.europesays.com\/de\/wp-json\/wp\/v2\/media\/182322"}],"wp:attachment":[{"href":"https:\/\/www.europesays.com\/de\/wp-json\/wp\/v2\/media?parent=182321"}],"wp:term":[{"taxonomy":"category","embeddable":true,"href":"https:\/\/www.europesays.com\/de\/wp-json\/wp\/v2\/categories?post=182321"},{"taxonomy":"post_tag","embeddable":true,"href":"https:\/\/www.europesays.com\/de\/wp-json\/wp\/v2\/tags?post=182321"}],"curies":[{"name":"wp","href":"https:\/\/api.w.org\/{rel}","templated":true}]}}