{"id":182361,"date":"2025-06-11T16:24:10","date_gmt":"2025-06-11T16:24:10","guid":{"rendered":"https:\/\/www.europesays.com\/de\/182361\/"},"modified":"2025-06-11T16:24:10","modified_gmt":"2025-06-11T16:24:10","slug":"amerikanischer-militaerhistoriker-arbeitet-an-buch-ueber-bruecke-von-remagen","status":"publish","type":"post","link":"https:\/\/www.europesays.com\/de\/182361\/","title":{"rendered":"Amerikanischer Milit\u00e4rhistoriker arbeitet an Buch \u00fcber Br\u00fccke von Remagen"},"content":{"rendered":"<p>          80 Jahre nach Ende des Zweiten Weltkriegs        Amerikanischer Milit\u00e4rhistoriker arbeitet an Buch \u00fcber Br\u00fccke von Remagen<\/p>\n<p class=\"text-50 desktop:text-70 park-container-small px-6 mb-10 desktop:mb-14\">Region \u00b7 <strong data-cy=\"intro\">Der amerikanische Milit\u00e4rhistoriker Edward Miller arbeitet an einem neuen Buch \u00fcber die Eroberung der Br\u00fccke von Remagen. Dazu reiste er nicht nur in die Region, sondern bekam auch Unterst\u00fctzung von hiesigen Archiven. Unser Autor hat mit Miller \u00fcber das Projekt gesprochen.<\/strong><\/p>\n<p>                <img class=\"absolute inset-0 w-full h-full object-cover aspect-[16\/10] opacity-0 transition-opacity\" onload=\"this.style.opacity = '1';\" src=\"https:\/\/www.europesays.com\/de\/wp-content\/uploads\/2025\/06\/w2100_h1313_x1796_y1411_Br__xfffd_cke_von_Erpeler_Ley-f4d0b685683ff8c6.jpg\"  alt=\" Ein amerikanischer Soldat blickt im Zweiten Weltkrieg auf die Br\u00fccke von Remagen. \" fetchpriority=\"high\" decoding=\"async\" data-park-image-img=\"\"\/><\/p>\n","protected":false},"excerpt":{"rendered":"80 Jahre nach Ende des Zweiten Weltkriegs Amerikanischer Milit\u00e4rhistoriker arbeitet an Buch \u00fcber Br\u00fccke von Remagen Region \u00b7&hellip;\n","protected":false},"author":2,"featured_media":182362,"comment_status":"","ping_status":"","sticky":false,"template":"","format":"standard","meta":{"footnotes":""},"categories":[1774],"tags":[1784,1785,29,214,30,215],"class_list":{"0":"post-182361","1":"post","2":"type-post","3":"status-publish","4":"format-standard","5":"has-post-thumbnail","7":"category-buecher","8":"tag-books","9":"tag-buecher","10":"tag-deutschland","11":"tag-entertainment","12":"tag-germany","13":"tag-unterhaltung"},"share_on_mastodon":{"url":"https:\/\/pubeurope.com\/@de\/114665663289028004","error":""},"_links":{"self":[{"href":"https:\/\/www.europesays.com\/de\/wp-json\/wp\/v2\/posts\/182361","targetHints":{"allow":["GET"]}}],"collection":[{"href":"https:\/\/www.europesays.com\/de\/wp-json\/wp\/v2\/posts"}],"about":[{"href":"https:\/\/www.europesays.com\/de\/wp-json\/wp\/v2\/types\/post"}],"author":[{"embeddable":true,"href":"https:\/\/www.europesays.com\/de\/wp-json\/wp\/v2\/users\/2"}],"replies":[{"embeddable":true,"href":"https:\/\/www.europesays.com\/de\/wp-json\/wp\/v2\/comments?post=182361"}],"version-history":[{"count":0,"href":"https:\/\/www.europesays.com\/de\/wp-json\/wp\/v2\/posts\/182361\/revisions"}],"wp:featuredmedia":[{"embeddable":true,"href":"https:\/\/www.europesays.com\/de\/wp-json\/wp\/v2\/media\/182362"}],"wp:attachment":[{"href":"https:\/\/www.europesays.com\/de\/wp-json\/wp\/v2\/media?parent=182361"}],"wp:term":[{"taxonomy":"category","embeddable":true,"href":"https:\/\/www.europesays.com\/de\/wp-json\/wp\/v2\/categories?post=182361"},{"taxonomy":"post_tag","embeddable":true,"href":"https:\/\/www.europesays.com\/de\/wp-json\/wp\/v2\/tags?post=182361"}],"curies":[{"name":"wp","href":"https:\/\/api.w.org\/{rel}","templated":true}]}}