{"id":182609,"date":"2025-06-11T18:34:11","date_gmt":"2025-06-11T18:34:11","guid":{"rendered":"https:\/\/www.europesays.com\/de\/182609\/"},"modified":"2025-06-11T18:34:11","modified_gmt":"2025-06-11T18:34:11","slug":"sachsen-anhalt-will-verluste-ab-2027-nicht-mehr-mitbezahlen","status":"publish","type":"post","link":"https:\/\/www.europesays.com\/de\/182609\/","title":{"rendered":"Sachsen-Anhalt will Verluste ab 2027 nicht mehr mitbezahlen"},"content":{"rendered":"<p class=\"bold\">\n\t\t\t\t\t\t\t\t\t\tBisher zahlt das Land f\u00fcr den defizit\u00e4ren Airport mit, obwohl er f\u00fcr Sachsen-Anhalt irrelevant ist. Damit will der Finanzminister nun Schluss machen \u2013 und Sachsen bekommt ein neues Haushaltsproblem.\t\t\t\t<\/p>\n<p>\t\t\t\t Sachsen-Anhalt will nicht mehr f\u00fcr das Defizit am Dresdner Flughafen aufkommen. Landesfinanzminister Michael Richter (CDU) sagte am Mittwoch im Magdeburger Landtag, \u201edass wir uns an den Verlusten des Flughafens Dresden nicht mehr beteiligen werden ab dem Jahr 2027\u201c. Der Freistaat Sachsen wisse das \u2013 es sei so kommuniziert worden.<\/p>\n<p>\t\t<img decoding=\"async\" class=\"fp-plus-logo\" src=\"https:\/\/www.freiepresse.de\/img\/fpplus.svg\" alt=\"Freie Presse plus Logo\"\/><\/p>\n<p>Registrieren und testen.<\/p>\n<p>Jetzt mit Ihrer Registrierung 1 Monat gratis testen und alle Beitr\u00e4ge lesen.<\/p>\n<p>Schon Abonnent? Melden Sie sich mit ihren Zugangsdaten an.<\/p>\n","protected":false},"excerpt":{"rendered":"Bisher zahlt das Land f\u00fcr den defizit\u00e4ren Airport mit, obwohl er f\u00fcr Sachsen-Anhalt irrelevant ist. Damit will der&hellip;\n","protected":false},"author":2,"featured_media":182610,"comment_status":"","ping_status":"","sticky":false,"template":"","format":"standard","meta":{"footnotes":""},"categories":[1835],"tags":[3364,29,2386,3858,30,859],"class_list":{"0":"post-182609","1":"post","2":"type-post","3":"status-publish","4":"format-standard","5":"has-post-thumbnail","7":"category-dresden","8":"tag-de","9":"tag-deutschland","10":"tag-dresden","11":"tag-firmenleben-firmen-in-not","12":"tag-germany","13":"tag-sachsen"},"share_on_mastodon":{"url":"https:\/\/pubeurope.com\/@de\/114666174426789190","error":""},"_links":{"self":[{"href":"https:\/\/www.europesays.com\/de\/wp-json\/wp\/v2\/posts\/182609","targetHints":{"allow":["GET"]}}],"collection":[{"href":"https:\/\/www.europesays.com\/de\/wp-json\/wp\/v2\/posts"}],"about":[{"href":"https:\/\/www.europesays.com\/de\/wp-json\/wp\/v2\/types\/post"}],"author":[{"embeddable":true,"href":"https:\/\/www.europesays.com\/de\/wp-json\/wp\/v2\/users\/2"}],"replies":[{"embeddable":true,"href":"https:\/\/www.europesays.com\/de\/wp-json\/wp\/v2\/comments?post=182609"}],"version-history":[{"count":0,"href":"https:\/\/www.europesays.com\/de\/wp-json\/wp\/v2\/posts\/182609\/revisions"}],"wp:featuredmedia":[{"embeddable":true,"href":"https:\/\/www.europesays.com\/de\/wp-json\/wp\/v2\/media\/182610"}],"wp:attachment":[{"href":"https:\/\/www.europesays.com\/de\/wp-json\/wp\/v2\/media?parent=182609"}],"wp:term":[{"taxonomy":"category","embeddable":true,"href":"https:\/\/www.europesays.com\/de\/wp-json\/wp\/v2\/categories?post=182609"},{"taxonomy":"post_tag","embeddable":true,"href":"https:\/\/www.europesays.com\/de\/wp-json\/wp\/v2\/tags?post=182609"}],"curies":[{"name":"wp","href":"https:\/\/api.w.org\/{rel}","templated":true}]}}