{"id":182621,"date":"2025-06-11T18:40:10","date_gmt":"2025-06-11T18:40:10","guid":{"rendered":"https:\/\/www.europesays.com\/de\/182621\/"},"modified":"2025-06-11T18:40:10","modified_gmt":"2025-06-11T18:40:10","slug":"wickede-erinnert-an-einen-buergermeister-mit-herz","status":"publish","type":"post","link":"https:\/\/www.europesays.com\/de\/182621\/","title":{"rendered":"Wickede erinnert an einen B\u00fcrgermeister mit Herz"},"content":{"rendered":"<p>\t\tWilli Spaenhoff zum 100. Geburtstag<br \/>\n\t\t\t\t\tWickede erinnert an einen B\u00fcrgermeister mit Herz<\/p>\n<p>\t11.06.2025 20:06 Uhr<\/p>\n<p>\t\tTeilen<\/p>\n<p>\n\tIn Merkliste \u00fcbernehmen\n<\/p>\n<p>    <a href=\"https:\/\/www.ruhrnachrichten.de\/wp-content\/uploads\/2025\/06\/09\/18\/630_0900_4777990_Design_ohne_Titel_24_-1648x824.jpg\" target=\"_blank\" rel=\"noopener\"><\/p>\n<p>            <img loading=\"lazy\" decoding=\"async\" src=\"https:\/\/www.europesays.com\/de\/wp-content\/uploads\/2025\/06\/630_0900_4777989_Design_ohne_Titel_24_-640x428.jpg\" width=\"640\" height=\"428\"  alt=\"Der SPD-Politiker Willi Spaenhoff w\u00e4re am 15. Juni 100 Jahre alt geworden.\"\/><\/p>\n<p>    <\/a><br \/>\n    Der SPD-Politiker Willi Spaenhoff w\u00e4re am 15. Juni 100 Jahre alt geworden. \u00a9 Archiv<\/p>\n<p class=\"article__teaser-text\">Zum 100. Geburtstag von Willi Spaenhoff pflanzt B\u00fcrgermeister Schilf eine Eiche \u2013 ein Zeichen der Erinnerung an einen gro\u00dfen Wickeder.<\/p>\n<p>1 Min Lesezeit<\/p>\n<p>Zum 100. Geburtstag des langj\u00e4hrigen B\u00fcrgermeisters und Kommunalpolitikers Willi Spaenhoff l\u00e4dt der SPD-Ortsverein Hellweg f\u00fcr Sonntag (15.6.) um 11 Uhr zu einer Feierstunde in den Park am Bockumweg in Wickede ein. B\u00fcrgermeister Norbert Schilf wird dort eine Eiche pflanzen \u2013 ein sogenannter Zukunftsbaum \u2013 als bleibendes Zeichen der Anerkennung. Familie, Freunde, Weggef\u00e4hrten und die Wickeder Bev\u00f6lkerung sind herzlich willkommen.<\/p>\n<p>Spaenhoff pr\u00e4gte Wickede und Dortmund \u00fcber Jahrzehnte. Von der Gewerkschaft kommend wurde er 1964 in den Rat der Stadt Dortmund gew\u00e4hlt und war sp\u00e4ter Vorsitzender mehrerer Aussch\u00fcsse. Als Mitinitiator des Westfalenstadions setzte er sich mit gro\u00dfer Entschlossenheit gegen viele Widerst\u00e4nde durch.<\/p>\n<p>1976 wurde er B\u00fcrgermeister der Stadt \u2013 ein \u201eB\u00fcrgermeister zum Anfassen\u201c, wie viele sagen. Verl\u00e4sslichkeit, P\u00fcnktlichkeit, Humor und Glaubw\u00fcrdigkeit zeichneten ihn aus. Er war Mitgestalter des Wickeder Aufschwungs: Schul- und Kitabauten, Radwege, Gr\u00fcnanlagen, Gewerbeansiedlungen \u2013 alles mit seinem Einsatz verbunden.<\/p>\n<p>Seine Haltung zur Vers\u00f6hnung nach dem Krieg und sein Engagement f\u00fcr den Levi-Cohen-Platz belegen seine Werte. Bereits zum 90. Geburtstag wurde ihm zu Ehren eine Stele im Park errichtet. Die Eiche erg\u00e4nzt nun dieses Gedenken an einen Mann, der Politik f\u00fcr Menschen machte. Willi Spaenhoff starb 2006.<\/p>\n<p>\n\t<a href=\"https:\/\/www.ruhrnachrichten.de\" class=\"button button--brand button--link home-button\" target=\"_blank\" rel=\"noopener\">Zur Startseite<\/a><\/p>\n","protected":false},"excerpt":{"rendered":"Willi Spaenhoff zum 100. Geburtstag Wickede erinnert an einen B\u00fcrgermeister mit Herz 11.06.2025 20:06 Uhr Teilen In Merkliste&hellip;\n","protected":false},"author":2,"featured_media":182622,"comment_status":"","ping_status":"","sticky":false,"template":"","format":"standard","meta":{"footnotes":""},"categories":[1833],"tags":[3364,29,217,30,3648,1209,17109],"class_list":{"0":"post-182621","1":"post","2":"type-post","3":"status-publish","4":"format-standard","5":"has-post-thumbnail","7":"category-dortmund","8":"tag-de","9":"tag-deutschland","10":"tag-dortmund","11":"tag-germany","12":"tag-lokalpolitik","13":"tag-nordrhein-westfalen","14":"tag-wickede"},"share_on_mastodon":{"url":"https:\/\/pubeurope.com\/@de\/114666198074416876","error":""},"_links":{"self":[{"href":"https:\/\/www.europesays.com\/de\/wp-json\/wp\/v2\/posts\/182621","targetHints":{"allow":["GET"]}}],"collection":[{"href":"https:\/\/www.europesays.com\/de\/wp-json\/wp\/v2\/posts"}],"about":[{"href":"https:\/\/www.europesays.com\/de\/wp-json\/wp\/v2\/types\/post"}],"author":[{"embeddable":true,"href":"https:\/\/www.europesays.com\/de\/wp-json\/wp\/v2\/users\/2"}],"replies":[{"embeddable":true,"href":"https:\/\/www.europesays.com\/de\/wp-json\/wp\/v2\/comments?post=182621"}],"version-history":[{"count":0,"href":"https:\/\/www.europesays.com\/de\/wp-json\/wp\/v2\/posts\/182621\/revisions"}],"wp:featuredmedia":[{"embeddable":true,"href":"https:\/\/www.europesays.com\/de\/wp-json\/wp\/v2\/media\/182622"}],"wp:attachment":[{"href":"https:\/\/www.europesays.com\/de\/wp-json\/wp\/v2\/media?parent=182621"}],"wp:term":[{"taxonomy":"category","embeddable":true,"href":"https:\/\/www.europesays.com\/de\/wp-json\/wp\/v2\/categories?post=182621"},{"taxonomy":"post_tag","embeddable":true,"href":"https:\/\/www.europesays.com\/de\/wp-json\/wp\/v2\/tags?post=182621"}],"curies":[{"name":"wp","href":"https:\/\/api.w.org\/{rel}","templated":true}]}}