{"id":183026,"date":"2025-06-11T22:26:16","date_gmt":"2025-06-11T22:26:16","guid":{"rendered":"https:\/\/www.europesays.com\/de\/183026\/"},"modified":"2025-06-11T22:26:16","modified_gmt":"2025-06-11T22:26:16","slug":"frankreich-torlos-im-krimi-schreck-um-bayern-leihgabe","status":"publish","type":"post","link":"https:\/\/www.europesays.com\/de\/183026\/","title":{"rendered":"Frankreich torlos im Krimi \u2013 Schreck um Bayern-Leihgabe"},"content":{"rendered":"<p>U21-EM: Kracher gegen Portugal <\/p>\n<p>Frankreich torlos im Krimi \u2013 Schreck um Bayern-Leihgabe<\/p>\n<p>11.06.2025 &#8211; 23:14 UhrLesedauer: 2 Min.<\/p>\n<p><a href=\"#focus-0\" class=\"transition-colors duration-200 focus-within:text-magenta block text-current relative\" data-sctrack=\"FocusGalleryImage.Reference\"><img fetchpriority=\"high\" data-testid=\"Opener.Image\" style=\"--lqipURL:url('https:\/\/images.t-online.de\/2025\/06\/ChYzqd770538\/217x312:3628x2041\/fit-in\/150x0\/filters:blur(25)\/mathys-tel-im-spiel-gegen-portugal-am-boden-fuer-den-franzosen-ging-es-letztlich-aber-weiter.jpg')\"   loading=\"eager\" src=\"https:\/\/www.europesays.com\/de\/wp-content\/uploads\/2025\/06\/mathys-tel-im-spiel-gegen-portugal-am-boden-fuer-den-franzosen-ging-es-letztlich-aber-weiter.jpg\" alt=\"Mathys Tel im Spiel gegen Portugal am Boden: F\u00fcr den Franzosen ging es letztlich aber weiter.\" title=\"Mathys Tel im Spiel gegen Portugal am Boden: F\u00fcr den Franzosen ging es letztlich aber weiter.\" width=\"3628\" height=\"2041\" class=\"bg-[url:var(--lqipURL)] bg-cover bg-center flex w-full max-w-full h-full\" decoding=\"async\"\/><img style=\"--width:32;--height:32\" loading=\"lazy\" src=\"https:\/\/www.t-online.de\/s\/paper\/_next\/static\/media\/zoom-in.f7dae02f.svg\" alt=\"Vergr\u00f6\u00dfern des Bildes\" title=\"Vergr\u00f6\u00dfern des Bildes\" class=\"&#10;        block&#10;        h-[calc(var(--height)_\/_16_*_1rem)]&#10;        w-[calc(var(--width)_\/_16_*_1rem)]&#10;        max-w-none&#10;        absolute bottom-8 right-8 rounded-4 bg-snow p-8\" decoding=\"async\"\/><\/a><\/p>\n<p>Mathys Tel im Spiel gegen Portugal am Boden: F\u00fcr den Franzosen ging es letztlich aber weiter. (Quelle: IMAGO\/imago-images-bilder)<\/p>\n<p class=\"font-bold text-18 leading-17\">Im Topspiel der Gruppe gegen Portugal tut sich die &#8222;\u00c9quipe Tricolore&#8220; lange schwer. Eine Szene mit Mathys Tel macht dazu Sorgen \u2013 aber nicht lange.<\/p>\n<p class=\"text-18 leading-17\">Umk\u00e4mpfter, aber torloser Start in Gruppe C f\u00fcr zwei Top-Teams bei dieser U21-EM: Frankreich und Portugal trennten sich am Mittwochabend 0:0.<\/p>\n<p class=\"text-18 leading-17\">Das Duell war indes eines mit reichlich Bundesliga-Beteiligung. Castello Lukeba (RB Leipzig), Chrislain Matsima (FC Augsburg) und Kiliann Sildillia (SC Freiburg) liefen in der franz\u00f6sischen Viererkette von Beginn an auf, auch Bayern M\u00fcnchens <a class=\"transition-colors duration-200 cursor-pointer text-inherit no-underline text-salemsfur md:hover:text-magenta md:hover:border-magenta md:focus:text-magenta border-current border-b border-solid break-words\" href=\"https:\/\/www.t-online.de\/themen\/mathys-tel\/\" data-sctrack=\"BodyAnchor\" target=\"_blank\" rel=\"noopener\">Mathys Tel<\/a>, ausgeliehen an <a class=\"transition-colors duration-200 cursor-pointer text-inherit no-underline text-salemsfur md:hover:text-magenta md:hover:border-magenta md:focus:text-magenta border-current border-b border-solid break-words\" href=\"https:\/\/www.t-online.de\/themen\/tottenham-hotspur\/\" data-sctrack=\"BodyAnchor\" target=\"_blank\" rel=\"noopener\">Tottenham Hotspur<\/a>, stand in der Startelf. F\u00fcr die Portugiesen st\u00fcrmte Tiago Tom\u00e1s vom <a class=\"transition-colors duration-200 cursor-pointer text-inherit no-underline text-salemsfur md:hover:text-magenta md:hover:border-magenta md:focus:text-magenta border-current border-b border-solid break-words\" href=\"https:\/\/www.t-online.de\/themen\/vfl-wolfsburg\/\" data-sctrack=\"BodyAnchor\" target=\"_blank\" rel=\"noopener\">VfL Wolfsburg<\/a>.<\/p>\n<p class=\"text-18 leading-17\">In der ersten Halbzeit allerdings erspielten sich vor allem die Portugiesen Top-Chancen, lie\u00dfen es jedoch ein ums andere Mal an der letzten Durchschlagskraft im Angriff fehlen, Frankreich hatte trotzdem Gl\u00fcck, nicht in R\u00fcckstand zu geraten. So hatte Tom\u00e1s die F\u00fchrung f\u00fcr Portugal auf dem Fu\u00df, setzte sich im Laufduell mit Bundesliga-Kollege Matsima durch, scheiterte dann aber im Eins-gegen-eins an Frankreichs Torwart Guillaume Restes (16.). Kurze Zeit sp\u00e4ter konnten die Portugiesen einen Abwehrpatzer ihres Gegners nicht ausnutzen, nach Tom\u00e1s-Vorlage schoss Roger nur \u00fcber die Latte (20.).<\/p>\n<p class=\"text-18 leading-17\">Besorgte Blicke und einen Schreckmoment gab es kurz vor der Pause, als Tel nach einem Zweikampf mit schmerzverzerrtem Gesicht am Boden liegen blieb. Nach l\u00e4ngerer Behandlungspause mit Eisspray ging es f\u00fcr den Angreifer allerdings weiter (42.).<\/p>\n<p class=\"text-18 leading-17\">Nach der Pause gab es viel Hin und Her, hochkar\u00e4tige Torchancen waren aber Mangelware. Ehe in der Nachspielzeit noch Frankreichs Johann Lepenant doch noch mal zum Abschluss kam, aber an Portugals Schlussmann Samuel Soares scheiterte (90.+2).<\/p>\n<p class=\"text-18 leading-17\">Die deutsche Auswahl bestreitet indes ihren Auftakt in Gruppe B am Donnerstag (21.00 Uhr\/Sat.1) in Nitra gegen Slowenien. Anschlie\u00dfend geht es f\u00fcr das Team von DFB-Trainer Antonio Di Salvo noch gegen Tschechien (15. Juni) und Titelverteidiger England (18. Juni).<\/p>\n","protected":false},"excerpt":{"rendered":"U21-EM: Kracher gegen Portugal Frankreich torlos im Krimi \u2013 Schreck um Bayern-Leihgabe 11.06.2025 &#8211; 23:14 UhrLesedauer: 2 Min.&hellip;\n","protected":false},"author":2,"featured_media":183027,"comment_status":"","ping_status":"","sticky":false,"template":"","format":"standard","meta":{"footnotes":""},"categories":[3974],"tags":[331,332,59355,548,663,3934,483,458,3980,156,13,56287,14,15,7118,1655,298,12,61355,15908,11896,56543,931],"class_list":{"0":"post-183026","1":"post","2":"type-post","3":"status-publish","4":"format-standard","5":"has-post-thumbnail","7":"category-frankreich","8":"tag-aktuelle-nachrichten","9":"tag-aktuelle-news","10":"tag-equipe-tricolore","11":"tag-eu","12":"tag-europa","13":"tag-europe","14":"tag-fc-augsburg","15":"tag-fc-bayern-muenchen","16":"tag-france","17":"tag-frankreich","18":"tag-headlines","19":"tag-mathys-tel","20":"tag-nachrichten","21":"tag-news","22":"tag-portugal","23":"tag-rb-leipzig","24":"tag-sc-freiburg","25":"tag-schlagzeilen","26":"tag-tiago","27":"tag-topspiel","28":"tag-tottenham-hotspur","29":"tag-u-21-fussball-europameisterschaft","30":"tag-vfl-wolfsburg"},"share_on_mastodon":{"url":"https:\/\/pubeurope.com\/@de\/114667086407218717","error":""},"_links":{"self":[{"href":"https:\/\/www.europesays.com\/de\/wp-json\/wp\/v2\/posts\/183026","targetHints":{"allow":["GET"]}}],"collection":[{"href":"https:\/\/www.europesays.com\/de\/wp-json\/wp\/v2\/posts"}],"about":[{"href":"https:\/\/www.europesays.com\/de\/wp-json\/wp\/v2\/types\/post"}],"author":[{"embeddable":true,"href":"https:\/\/www.europesays.com\/de\/wp-json\/wp\/v2\/users\/2"}],"replies":[{"embeddable":true,"href":"https:\/\/www.europesays.com\/de\/wp-json\/wp\/v2\/comments?post=183026"}],"version-history":[{"count":0,"href":"https:\/\/www.europesays.com\/de\/wp-json\/wp\/v2\/posts\/183026\/revisions"}],"wp:featuredmedia":[{"embeddable":true,"href":"https:\/\/www.europesays.com\/de\/wp-json\/wp\/v2\/media\/183027"}],"wp:attachment":[{"href":"https:\/\/www.europesays.com\/de\/wp-json\/wp\/v2\/media?parent=183026"}],"wp:term":[{"taxonomy":"category","embeddable":true,"href":"https:\/\/www.europesays.com\/de\/wp-json\/wp\/v2\/categories?post=183026"},{"taxonomy":"post_tag","embeddable":true,"href":"https:\/\/www.europesays.com\/de\/wp-json\/wp\/v2\/tags?post=183026"}],"curies":[{"name":"wp","href":"https:\/\/api.w.org\/{rel}","templated":true}]}}