{"id":183106,"date":"2025-06-11T23:10:20","date_gmt":"2025-06-11T23:10:20","guid":{"rendered":"https:\/\/www.europesays.com\/de\/183106\/"},"modified":"2025-06-11T23:10:20","modified_gmt":"2025-06-11T23:10:20","slug":"zeitsprung-verfilmt-buecher-ueber-haribo-geschichte","status":"publish","type":"post","link":"https:\/\/www.europesays.com\/de\/183106\/","title":{"rendered":"Zeitsprung verfilmt B\u00fccher \u00fcber Haribo-Geschichte"},"content":{"rendered":"<p>Zeitsprung Pictures plant die Verfilmung der Haribo-Firmengeschichte, das hat das Unternehmen jetzt angek\u00fcndigt. So sicherte sich die Produktionsfirma die Filmrechte an den beiden Haribo-Romanen &#8222;Haribo \u2013 So schmeckt das Gl\u00fcck&#8220; und &#8222;Haribo \u2013 Goldene Zeiten brechen an&#8220; von Katharina von der Lane. Hinter diesem Pseudonym verbergen sich die beiden Autorinnen Christiane Omasreiter und Kathrin Scheck.<\/p>\n<p>&#13;<br \/>\n&#13;<\/p>\n<p>Die B\u00fccher sind im Goldmann Verlag erschienen und erz\u00e4hlen den Weg von den Anf\u00e4ngen bis hin zur Weltmarke Haribo, im Mittelpunkt steht dabei unter anderem Gr\u00fcnder Hans Riegel. Wie genau die Verfilmung umgesetzt wird, also wahlweise als Mehrteiler oder Serie, ist noch nicht entschieden.\u00a0<\/p>\n<p>&#13;<\/p>\n<p>&#8222;Wir waren sofort begeistert von Zeitsprung&#8220;, sagen Omasreiter und Scheck aka Katharina von der Lane. &#8222;Die kreativen Ideen und die enorme Kompetenz, auch und gerade f\u00fcr historische Stoffe, haben uns auf Anhieb \u00fcberzeugt.&#8220; Zeitsprung Pictures hat in der Vergangenheit immer wieder historische Stoffe umgesetzt, beispielsweise die ARD-Reihen &#8222;Oktoberfest 1900&#8220; bzw. &#8222;Oktoberfest 1905&#8220; oder auch die Netflix-Serie &#8222;Kleo&#8220; oder auch den Zweiteiler &#8222;Das wei\u00dfe Haus am Rhein&#8220;.<\/p>\n<p>&#13;<br \/>\n&#13;<\/p>\n<p>Michael Souvignier, Produzent und Gesch\u00e4ftsf\u00fchrer von Zeitsprung Pictures, sagt zur geplanten Haribo-Verfilmung: &#8222;Wir sind sehr gl\u00fccklich, den Zuschlag f\u00fcr die Verfilmung dieser Weltmarke und dieser wunderbaren B\u00fccher bekommen zu haben. Wir werden diese bedeutende Firmenhistorie im Wandel der Zeit und im Kontext zur deutschen Geschichte spannungs- und emotionsgeladen aufarbeiten.&#8220; Laut Zeitsprung gibt es bereits konkrete Interessenten f\u00fcr die geplante Verfilmung.<\/p>\n","protected":false},"excerpt":{"rendered":"Zeitsprung Pictures plant die Verfilmung der Haribo-Firmengeschichte, das hat das Unternehmen jetzt angek\u00fcndigt. So sicherte sich die Produktionsfirma&hellip;\n","protected":false},"author":2,"featured_media":183107,"comment_status":"","ping_status":"","sticky":false,"template":"","format":"standard","meta":{"footnotes":""},"categories":[1774],"tags":[1784,1785,29,214,30,215],"class_list":{"0":"post-183106","1":"post","2":"type-post","3":"status-publish","4":"format-standard","5":"has-post-thumbnail","7":"category-buecher","8":"tag-books","9":"tag-buecher","10":"tag-deutschland","11":"tag-entertainment","12":"tag-germany","13":"tag-unterhaltung"},"share_on_mastodon":{"url":"https:\/\/pubeurope.com\/@de\/114667259432714481","error":""},"_links":{"self":[{"href":"https:\/\/www.europesays.com\/de\/wp-json\/wp\/v2\/posts\/183106","targetHints":{"allow":["GET"]}}],"collection":[{"href":"https:\/\/www.europesays.com\/de\/wp-json\/wp\/v2\/posts"}],"about":[{"href":"https:\/\/www.europesays.com\/de\/wp-json\/wp\/v2\/types\/post"}],"author":[{"embeddable":true,"href":"https:\/\/www.europesays.com\/de\/wp-json\/wp\/v2\/users\/2"}],"replies":[{"embeddable":true,"href":"https:\/\/www.europesays.com\/de\/wp-json\/wp\/v2\/comments?post=183106"}],"version-history":[{"count":0,"href":"https:\/\/www.europesays.com\/de\/wp-json\/wp\/v2\/posts\/183106\/revisions"}],"wp:featuredmedia":[{"embeddable":true,"href":"https:\/\/www.europesays.com\/de\/wp-json\/wp\/v2\/media\/183107"}],"wp:attachment":[{"href":"https:\/\/www.europesays.com\/de\/wp-json\/wp\/v2\/media?parent=183106"}],"wp:term":[{"taxonomy":"category","embeddable":true,"href":"https:\/\/www.europesays.com\/de\/wp-json\/wp\/v2\/categories?post=183106"},{"taxonomy":"post_tag","embeddable":true,"href":"https:\/\/www.europesays.com\/de\/wp-json\/wp\/v2\/tags?post=183106"}],"curies":[{"name":"wp","href":"https:\/\/api.w.org\/{rel}","templated":true}]}}