{"id":183108,"date":"2025-06-11T23:11:11","date_gmt":"2025-06-11T23:11:11","guid":{"rendered":"https:\/\/www.europesays.com\/de\/183108\/"},"modified":"2025-06-11T23:11:11","modified_gmt":"2025-06-11T23:11:11","slug":"dunkle-wolken-am-siebten-himmel","status":"publish","type":"post","link":"https:\/\/www.europesays.com\/de\/183108\/","title":{"rendered":"Dunkle Wolken am siebten Himmel?"},"content":{"rendered":"<p>RTL hat bei den Reality-Stars nachgehaktDunkle Wolken am siebten Himmel? Sandra Sicora l\u00f6scht Fotos mit Calvin Kleinen<img alt=\"Was l\u00e4uft da wirklich zwischen Sandra Sicora und Calvin Kleinen? \" loading=\"lazy\" width=\"940\" height=\"529\" decoding=\"async\" data-nimg=\"1\" class=\"Image_image__SdgLQ Picture_image__vGN9W\" style=\"color:transparent\"   src=\"https:\/\/www.europesays.com\/de\/wp-content\/uploads\/2025\/06\/was-lauft-da-wirklich-zwischen-sandra-sicora-und-calvin-kleinen.webp.webp\"\/><\/p>\n<p>Zoff zwischen Sandra Sicora und Calvin Kleinen?<\/p>\n<p>Imago;RTL11. Juni 2025 um 21:15 Uhr<\/p>\n<p>von <strong>Alice Hornef<\/strong> und <strong>Rebecca Kmiecinski<\/strong><\/p>\n<p class=\"Typography_text-default__wldUd Typography_align-left__koBUM AnnotatedMarkup_paragraph__IUT9l\"><strong>Was ist denn zwischen denen passiert?<\/strong><br \/>Eigentlich sollen sich die beiden Reality-TV-Stars daten, doch aktuell scheint es so, als g\u00e4be es \u00c4rger im Paradies. F\u00fcr die Fans ist klar: Der Grund daf\u00fcr hei\u00dft Anna Iffl\u00e4nder. Was ist dran? RTL hat nachgehakt.<\/p>\n<p>Sandra Sicora macht Fans klare Ansage<\/p>\n<p class=\"Typography_text-default__wldUd Typography_align-left__koBUM AnnotatedMarkup_paragraph__IUT9l\">Es k\u00f6nnte doch alles so sch\u00f6n zwischen Sandra und Calvin sein, w\u00e4re da nicht Anna Iffl\u00e4nder. Die posiert n\u00e4mlich aktuell auf Mallorca an der Seite von Calvin. Auf Fotos und Videos, die Anna auf Instagram teilt, wirken beide sehr vertraut und in den Kommentaren hei\u00dft es sogar, sie seien ein sch\u00f6nes P\u00e4rchen. Das bekommt auch Sandra mit und bittet ihre Fans \u00f6ffentlich darum, ihr keine Beitr\u00e4ge oder Inhalte der beiden zuzuschicken.<\/p>\n<p class=\"Typography_text-default__wldUd Typography_align-left__koBUM AnnotatedMarkup_paragraph__IUT9l\"><strong>Lese-Tipp: <\/strong><a href=\"https:\/\/www.rtl.de\/unterhaltung\/stars\/charlotte-wuerdig-schwaermt-nach-date-von-reality-star-calvin-kleinen-id4387712.html\" target=\"_self\" rel=\"nofollow noopener\">\u201eIch mag den wirklich!\u201d Charlotte W\u00fcrdig hatte ein Date mit Calvin Kleinen<\/a><\/p>\n<p>Calvin Kleinen: \u201eIch mag beide supergerne und sie sind echt tolle M\u00e4dels\u201d<\/p>\n<p class=\"Typography_text-default__wldUd Typography_align-left__koBUM AnnotatedMarkup_paragraph__IUT9l\">Als Reaktion auf die gemeinsamen Beitr\u00e4ge von Anna und Calvin l\u00f6scht Sandra aktuelle Fotos und Videos, die sie gemeinsam mit Calvin zeigen, auf Instagram. F\u00fcr Calvin ist diese Reaktion nicht gerechtfertigt. Auf RTL-Anfrage erkl\u00e4rt Calvin: \u201e<strong>Ich verstehe nicht, wieso Sandra alles raus nimmt oder wo das Problem ist. <\/strong>Anna und ich kennen uns seit ein paar Jahren und sind Freunde. Wie Sandra und ich auch. Ich mag beide supergerne und sie sind echt tolle M\u00e4dels.\u201c<\/p>\n<p>Anzeige:<\/p>\n<p>Empfehlungen unserer Partner<\/p>\n<p>Video-Tipp: Sind Sandra Sicora und Calvin Kleinen ein Paar?<\/p>\n<p>01:44 min<\/p>\n<p>Liebesurlaub auf Mallorca?<\/p>\n<p>Sind Sandra Sicora und Calvin Kleinen ein Paar?<\/p>\n<p>\u201eWeder Calvin noch ich sind in einer Beziehung\u201c<\/p>\n<p class=\"Typography_text-default__wldUd Typography_align-left__koBUM AnnotatedMarkup_paragraph__IUT9l\">Auch Anna Iffl\u00e4nder \u00e4u\u00dfert sich auf Anfrage von RTL: \u201eCalvin und ich hatten einfach \u2019ne geile Zeit auf dem Playa Festival. Haben uns \u2013 wie man uns kennt \u2013 beim Feiern nicht stoppen lassen. <strong>Weder Calvin noch ich, sind in einer Beziehung.<\/strong> Also gibt es nichts, wof\u00fcr wir uns schuldig f\u00fchlen mussten.\u201d Offen bleibt dennoch, inwiefern sich Anna und Calvin n\u00e4her gekommen sind.<\/p>\n<p class=\"Typography_text-default__wldUd Typography_align-left__koBUM AnnotatedMarkup_paragraph__IUT9l\"><strong>Lese-Tipp: <\/strong><a href=\"https:\/\/www.rtl.de\/reality\/was-ist-bei-kim-virginia-und-nikola-glumac-passiert-jetzt-meldet-er-sich-endlich-id4401156.html\" target=\"_self\" rel=\"nofollow noopener\">\u201eIch habe Mist gebaut!\u201d Nikola Glumac \u00e4u\u00dfert sich endlich zum mysteri\u00f6sen Zoff mit Kim Virginia<\/a><\/p>\n<p class=\"Typography_text-default__wldUd Typography_align-left__koBUM AnnotatedMarkup_paragraph__IUT9l\">Denn darauf gehen beide Reality-TV-Stars nicht weiter ein. Sandra Sicora reagierte auf RTL-Anfrage bislang nicht. Erst vor kurzem standen sie und Calvin unter Beobachtung der Fans, da sie sich kurzzeitig auf Social Media entfolgten. Wie es zwischen den beiden weitergeht und welche Rolle Anna in Calvins Leben einnimmt, bleibt also nur abzuwarten.<\/p>\n","protected":false},"excerpt":{"rendered":"RTL hat bei den Reality-Stars nachgehaktDunkle Wolken am siebten Himmel? Sandra Sicora l\u00f6scht Fotos mit Calvin Kleinen Zoff&hellip;\n","protected":false},"author":2,"featured_media":183109,"comment_status":"","ping_status":"","sticky":false,"template":"","format":"standard","meta":{"footnotes":""},"categories":[1773],"tags":[61369,29,214,30,61368,471,1780,215],"class_list":{"0":"post-183108","1":"post","2":"type-post","3":"status-publish","4":"format-standard","5":"has-post-thumbnail","7":"category-serien","8":"tag-calvin-kleinen","9":"tag-deutschland","10":"tag-entertainment","11":"tag-germany","12":"tag-sandra-sicora","13":"tag-serien","14":"tag-series","15":"tag-unterhaltung"},"share_on_mastodon":{"url":"https:\/\/pubeurope.com\/@de\/114667263369545242","error":""},"_links":{"self":[{"href":"https:\/\/www.europesays.com\/de\/wp-json\/wp\/v2\/posts\/183108","targetHints":{"allow":["GET"]}}],"collection":[{"href":"https:\/\/www.europesays.com\/de\/wp-json\/wp\/v2\/posts"}],"about":[{"href":"https:\/\/www.europesays.com\/de\/wp-json\/wp\/v2\/types\/post"}],"author":[{"embeddable":true,"href":"https:\/\/www.europesays.com\/de\/wp-json\/wp\/v2\/users\/2"}],"replies":[{"embeddable":true,"href":"https:\/\/www.europesays.com\/de\/wp-json\/wp\/v2\/comments?post=183108"}],"version-history":[{"count":0,"href":"https:\/\/www.europesays.com\/de\/wp-json\/wp\/v2\/posts\/183108\/revisions"}],"wp:featuredmedia":[{"embeddable":true,"href":"https:\/\/www.europesays.com\/de\/wp-json\/wp\/v2\/media\/183109"}],"wp:attachment":[{"href":"https:\/\/www.europesays.com\/de\/wp-json\/wp\/v2\/media?parent=183108"}],"wp:term":[{"taxonomy":"category","embeddable":true,"href":"https:\/\/www.europesays.com\/de\/wp-json\/wp\/v2\/categories?post=183108"},{"taxonomy":"post_tag","embeddable":true,"href":"https:\/\/www.europesays.com\/de\/wp-json\/wp\/v2\/tags?post=183108"}],"curies":[{"name":"wp","href":"https:\/\/api.w.org\/{rel}","templated":true}]}}