{"id":183621,"date":"2025-06-12T04:03:10","date_gmt":"2025-06-12T04:03:10","guid":{"rendered":"https:\/\/www.europesays.com\/de\/183621\/"},"modified":"2025-06-12T04:03:10","modified_gmt":"2025-06-12T04:03:10","slug":"argentinien-will-botschaft-2026-nach-jerusalem-verlegen","status":"publish","type":"post","link":"https:\/\/www.europesays.com\/de\/183621\/","title":{"rendered":"Argentinien will Botschaft 2026 nach Jerusalem verlegen"},"content":{"rendered":"<p class=\"metatextline\">Stand: 11.06.2025 22:01 Uhr<\/p>\n<p class=\"textabsatz columns twelve  m-ten  m-offset-one l-eight l-offset-two\">\n        <strong>Israel betrachtet ganz Jerusalem als Hauptstadt &#8211; international ist das umstritten. Nun will Argentinien seine Botschaft dorthin verlegen. Ein Schritt, der weit \u00fcber die Bedeutung eines blo\u00dfen Standortwechsels hinausgeht.<\/strong>\n    <\/p>\n<p class=\"textabsatz m-ten m-offset-one l-eight l-offset-two columns twelve\">\nArgentinien m\u00f6chte seine Botschaft in Israel im n\u00e4chsten Jahr nach Jerusalem verlegen. Das k\u00fcndigte der argentinische Pr\u00e4sident Javier Milei in einer Rede vor der Knesset, dem israelischen Parlament, an. &#8222;Wir wollen die historische Freundschaft w\u00fcrdigen, die unsere V\u00f6lker verbindet, und die wirtschaftlichen und diplomatischen Bande st\u00e4rken, die zwischen uns bestehen&#8220;, zitierten ihn israelische Medien.\u00a0Bislang befindet sich die Botschaft in der N\u00e4he von Tel Aviv.<\/p>\n<p class=\"textabsatz m-ten m-offset-one l-eight l-offset-two columns twelve\">\nMilei ist seit Montagabend zu einem Staatsbesuch in Israel. Er gilt als enger Verb\u00fcndeter des isrealischen Staates. Auch in seiner Rede stellte er sich klar an die Seite Israels. An die Mitglieder der Knesset gerichtet, sagte er: &#8222;Argentinien steht in diesen schwierigen Tagen an Ihrer Seite.&#8220; Zugleich kritisierte er weite Teile der internationalen Gemeinschaft, die seiner Ansicht nach von &#8222;Terroristen&#8220; manipuliert werde und Opfer zu T\u00e4tern machen w\u00fcrde. Milei betonte auch, Argentinien werde weiterhin die Freilassung der Geiseln fordern, darunter befinden sich auch vier Argentinier.<\/p>\n<p>    Botschaftsverlegung umstritten<\/p>\n<p class=\"textabsatz m-ten m-offset-one l-eight l-offset-two columns twelve\">\nVerlegungen von Botschaften nach Jerusalem sind international umstritten, denn damit w\u00fcrde m\u00f6glicherweise auch die Annektierung von Ostjerusalem durch Israel anerkannt werden. Israel hatte den Ostteil der bis dahin geteilten Stadt im Sechstagekrieg 1967 erobert. Israel beansprucht ganz Jerusalem als Hauptstadt, w\u00e4hrend die Pal\u00e4stinenser Ostjerusalem als Hauptstadt eines unabh\u00e4ngigen Staates f\u00fcr sich reklamieren.<\/p>\n<p class=\"textabsatz m-ten m-offset-one l-eight l-offset-two columns twelve\">\nNur wenige L\u00e4nder teilen jedoch die Position Israels. Auch Deutschland h\u00e4lt an seiner Botschaft in der K\u00fcstenmetropole Tel Aviv fest und bezeichnet Ostjerusalem als von Israel besetzt.<\/p>\n<p>    US-Botschaft bereits in Jerusalem<\/p>\n<p class=\"textabsatz m-ten m-offset-one l-eight l-offset-two columns twelve\">\nDie USA hatten 2018 unter der ersten Pr\u00e4sidentschaft von Donald Trump ihre <a href=\"https:\/\/www.tagesschau.de\/ausland\/israel-jerusalem-botschaft-101.html\" title=\"US-Botschaft in Jerusalem offiziell er\u00f6ffnet\" target=\"_blank\" rel=\"noopener\">Botschaft hingegen nach Jerusalem verlegt<\/a>. Sein Nachfolger Joe Biden \u00e4nderte die Entscheidung nicht. Seitdem vollzogen <a href=\"https:\/\/www.tagesschau.de\/ausland\/guatemala-jerusalem-103.html\" title=\"Guatemala er\u00f6ffnet Botschaft in Jerusalem\" target=\"_blank\" rel=\"noopener\">Guatemala<\/a>, Honduras und Paraguay und der pazifische Inselstaat Papua-Neuguinea diesen Schritt.<\/p>\n","protected":false},"excerpt":{"rendered":"Stand: 11.06.2025 22:01 Uhr Israel betrachtet ganz Jerusalem als Hauptstadt &#8211; international ist das umstritten. Nun will Argentinien&hellip;\n","protected":false},"author":2,"featured_media":183622,"comment_status":"","ping_status":"","sticky":false,"template":"","format":"standard","meta":{"footnotes":""},"categories":[5],"tags":[331,332,12932,3364,29,30,13,411,30730,14,15,12],"class_list":{"0":"post-183621","1":"post","2":"type-post","3":"status-publish","4":"format-standard","5":"has-post-thumbnail","7":"category-nachrichten","8":"tag-aktuelle-nachrichten","9":"tag-aktuelle-news","10":"tag-argentinien","11":"tag-de","12":"tag-deutschland","13":"tag-germany","14":"tag-headlines","15":"tag-israel","16":"tag-jerusalem","17":"tag-nachrichten","18":"tag-news","19":"tag-schlagzeilen"},"share_on_mastodon":{"url":"https:\/\/pubeurope.com\/@de\/114668411621181182","error":""},"_links":{"self":[{"href":"https:\/\/www.europesays.com\/de\/wp-json\/wp\/v2\/posts\/183621","targetHints":{"allow":["GET"]}}],"collection":[{"href":"https:\/\/www.europesays.com\/de\/wp-json\/wp\/v2\/posts"}],"about":[{"href":"https:\/\/www.europesays.com\/de\/wp-json\/wp\/v2\/types\/post"}],"author":[{"embeddable":true,"href":"https:\/\/www.europesays.com\/de\/wp-json\/wp\/v2\/users\/2"}],"replies":[{"embeddable":true,"href":"https:\/\/www.europesays.com\/de\/wp-json\/wp\/v2\/comments?post=183621"}],"version-history":[{"count":0,"href":"https:\/\/www.europesays.com\/de\/wp-json\/wp\/v2\/posts\/183621\/revisions"}],"wp:featuredmedia":[{"embeddable":true,"href":"https:\/\/www.europesays.com\/de\/wp-json\/wp\/v2\/media\/183622"}],"wp:attachment":[{"href":"https:\/\/www.europesays.com\/de\/wp-json\/wp\/v2\/media?parent=183621"}],"wp:term":[{"taxonomy":"category","embeddable":true,"href":"https:\/\/www.europesays.com\/de\/wp-json\/wp\/v2\/categories?post=183621"},{"taxonomy":"post_tag","embeddable":true,"href":"https:\/\/www.europesays.com\/de\/wp-json\/wp\/v2\/tags?post=183621"}],"curies":[{"name":"wp","href":"https:\/\/api.w.org\/{rel}","templated":true}]}}