{"id":183726,"date":"2025-06-12T05:01:10","date_gmt":"2025-06-12T05:01:10","guid":{"rendered":"https:\/\/www.europesays.com\/de\/183726\/"},"modified":"2025-06-12T05:01:10","modified_gmt":"2025-06-12T05:01:10","slug":"gelsenkirchen-land-kaempft-gegen-deals-mit-schrottimmobilien","status":"publish","type":"post","link":"https:\/\/www.europesays.com\/de\/183726\/","title":{"rendered":"Gelsenkirchen: Land k\u00e4mpft gegen Deals mit Schrottimmobilien"},"content":{"rendered":"<p class=\"small date article__date\">Ver\u00f6ffentlicht:\u00a0Donnerstag, 12.06.2025 06:24<\/p>\n<p>Das Land NRW will st\u00e4rker gegen Gesch\u00e4fte krimineller Clans mit Schrottimmobilien in Gelsenkirchen und anderswo vorgehen. <\/p>\n<p><img decoding=\"async\" alt=\"\" src=\"https:\/\/www.europesays.com\/de\/wp-content\/uploads\/2025\/06\/20190327z3621-1.jpg&#038;crop=0x0x4724x2952&#038;resize=1280x799&#038;dt=202403141534360.jpeg\" data-size=\"1280x799\"\/>\u00a9 Olaf Ziegler \/ FUNKE Foto Services GmbH<\/p>\n<ul>\n<li><strong>Kriminelle Clans kaufen immer mehr Schrottimmobilien<\/strong><\/li>\n<li><strong>Sicherheitsbeh\u00f6rden und Ministerium arbeiten eng zusammen<\/strong><\/li>\n<\/ul>\n<p>Im Kampf gegen krumme Gesch\u00e4fte mit Schrotth\u00e4usern und Sozialbetrug ist das NRW-Bauministerium der Sicherheitskooperation Ruhr zur Bek\u00e4mpfung der Clankriminalit\u00e4t beigetreten. Ziel ist dabei die st\u00e4rkere Zusammenarbeit der zust\u00e4ndigen Stellen. <\/p>\n<p><a href=\"https:\/\/www.radioemscherlippe.de\/artikel\/neue-dienststelle-gegen-clankriminalitaet-im-ruhrgebiet-433995.html\" rel=\"noopener noreferrer nofollow\" target=\"_blank\">Vor gut f\u00fcnf Jahren wurde die Siko Ruhr gegr\u00fcndet<\/a> &#8211; sie ist ein Zusammenschluss von 36 St\u00e4dten mit Sicherheitsbeh\u00f6rden, um gegen Clankriminalit\u00e4t vorzugehen. Diese Beh\u00f6rden beobachten seit einiger Zeit, dass kriminelle Clans Schrottimmobilien kaufen und zu teils horrenden Preisen an wehrlose Menschen weitervermieten &#8211; h\u00e4ufig kombiniert mit Sozialbetrug. <\/p>\n<p>Gelsenkirchen hat das Problem erkannt und geht schon seit Jahren gegen Schrotth\u00e4user vor. Insgesamt 3.000 Wohnungen will die Stadt mit Geld vom Land entweder modernisieren oder abrei\u00dfen. <a href=\"https:\/\/www.radioemscherlippe.de\/artikel\/abriss-von-problemhaeusern-in-gelsenkirchen-bismarck-2350817.html\" rel=\"noopener noreferrer nofollow\" target=\"_blank\">Die Landesregierung hat jetzt daf\u00fcr noch einmal F\u00f6rdermittel von 15 Millionen Euro zugesagt.\u00a0<\/a><\/p>\n","protected":false},"excerpt":{"rendered":"Ver\u00f6ffentlicht:\u00a0Donnerstag, 12.06.2025 06:24 Das Land NRW will st\u00e4rker gegen Gesch\u00e4fte krimineller Clans mit Schrottimmobilien in Gelsenkirchen und anderswo&hellip;\n","protected":false},"author":2,"featured_media":59223,"comment_status":"","ping_status":"","sticky":false,"template":"","format":"standard","meta":{"footnotes":""},"categories":[1848],"tags":[27263,3364,29,548,663,3934,3658,30,13,14,15,1209,12],"class_list":{"0":"post-183726","1":"post","2":"type-post","3":"status-publish","4":"format-standard","5":"has-post-thumbnail","7":"category-gelsenkirchen","8":"tag-schrottimmobilien","9":"tag-de","10":"tag-deutschland","11":"tag-eu","12":"tag-europa","13":"tag-europe","14":"tag-gelsenkirchen","15":"tag-germany","16":"tag-headlines","17":"tag-nachrichten","18":"tag-news","19":"tag-nordrhein-westfalen","20":"tag-schlagzeilen"},"share_on_mastodon":{"url":"https:\/\/pubeurope.com\/@de\/114668639762100454","error":""},"_links":{"self":[{"href":"https:\/\/www.europesays.com\/de\/wp-json\/wp\/v2\/posts\/183726","targetHints":{"allow":["GET"]}}],"collection":[{"href":"https:\/\/www.europesays.com\/de\/wp-json\/wp\/v2\/posts"}],"about":[{"href":"https:\/\/www.europesays.com\/de\/wp-json\/wp\/v2\/types\/post"}],"author":[{"embeddable":true,"href":"https:\/\/www.europesays.com\/de\/wp-json\/wp\/v2\/users\/2"}],"replies":[{"embeddable":true,"href":"https:\/\/www.europesays.com\/de\/wp-json\/wp\/v2\/comments?post=183726"}],"version-history":[{"count":0,"href":"https:\/\/www.europesays.com\/de\/wp-json\/wp\/v2\/posts\/183726\/revisions"}],"wp:featuredmedia":[{"embeddable":true,"href":"https:\/\/www.europesays.com\/de\/wp-json\/wp\/v2\/media\/59223"}],"wp:attachment":[{"href":"https:\/\/www.europesays.com\/de\/wp-json\/wp\/v2\/media?parent=183726"}],"wp:term":[{"taxonomy":"category","embeddable":true,"href":"https:\/\/www.europesays.com\/de\/wp-json\/wp\/v2\/categories?post=183726"},{"taxonomy":"post_tag","embeddable":true,"href":"https:\/\/www.europesays.com\/de\/wp-json\/wp\/v2\/tags?post=183726"}],"curies":[{"name":"wp","href":"https:\/\/api.w.org\/{rel}","templated":true}]}}