{"id":183727,"date":"2025-06-12T05:02:16","date_gmt":"2025-06-12T05:02:16","guid":{"rendered":"https:\/\/www.europesays.com\/de\/183727\/"},"modified":"2025-06-12T05:02:16","modified_gmt":"2025-06-12T05:02:16","slug":"bistum-limburg-alles-unter-einem-dach","status":"publish","type":"post","link":"https:\/\/www.europesays.com\/de\/183727\/","title":{"rendered":"Bistum Limburg: Alles unter einem Dach"},"content":{"rendered":"<p>Neben einem Mietvertrag wurde ein Vertrag \u00fcber die k\u00fcnftige Zusammenarbeit unterschrieben. Entscheidungen f\u00e4llt ein parit\u00e4tisch besetzter \u00d6kumeneausschuss, so Rollig. Dort wurden bereits die Gottesdienstzeiten abgesprochen. Sonntags um 10 Uhr feiert die evangelische Gemeinde Gottesdienst, St. Klara l\u00e4dt um 11 Uhr zur Messe ein. Auch bei der Raumaufteilung war man sich schnell einig. Ein Sitzungsraum wird in Klara-Stube umbenannt, hier soll auch eine Figur der Heiligen ihren Platz finden. In einem weiteren Raum ist Platz f\u00fcr die Sachen, die mitgenommen werden und die Sakristei.<\/p>\n<p>Ein Termin f\u00fcr die Profanierung steht noch nicht fest. Der Ortsausschuss rechnet damit, dass der Umzug gegen Ende des Jahres stattfindet. Fest steht, nach dem Profanierungsgottesdienst ist eine Prozession zu den neuen R\u00e4umen geplant, sagt Rollig. Bevor es so weit ist, l\u00e4dt die Gemeinde anl\u00e4sslich des letzten Patronatsfests am Sonntag, 17. August 2025, um 11 Uhr zu einem Gottesdienst in die alten R\u00e4umlichkeiten ein. Gefeiert wird dann eine Woche sp\u00e4ter in gr\u00f6\u00dferer Runde \u2013 beim \u00f6kumenischen Gemeinde-Sommerfest am Sonntag, 24. August 2025, um 11 Uhr im neuen \u00d6kumenischen Gemeindezentrum.<\/p>\n","protected":false},"excerpt":{"rendered":"Neben einem Mietvertrag wurde ein Vertrag \u00fcber die k\u00fcnftige Zusammenarbeit unterschrieben. Entscheidungen f\u00e4llt ein parit\u00e4tisch besetzter \u00d6kumeneausschuss, so&hellip;\n","protected":false},"author":2,"featured_media":183728,"comment_status":"","ping_status":"","sticky":false,"template":"","format":"standard","meta":{"footnotes":""},"categories":[1847],"tags":[61549,3364,29,548,663,3934,30,13,2052,61548,14,15,37957,12,61550,4544],"class_list":{"0":"post-183727","1":"post","2":"type-post","3":"status-publish","4":"format-standard","5":"has-post-thumbnail","7":"category-wiesbaden","8":"tag-bistum-limburg","9":"tag-de","10":"tag-deutschland","11":"tag-eu","12":"tag-europa","13":"tag-europe","14":"tag-germany","15":"tag-headlines","16":"tag-hessen","17":"tag-kirchliche-immobilien-strategie","18":"tag-nachrichten","19":"tag-news","20":"tag-oekumene","21":"tag-schlagzeilen","22":"tag-st-klara-klarenthal","23":"tag-wiesbaden"},"share_on_mastodon":{"url":"https:\/\/pubeurope.com\/@de\/114668643749852891","error":""},"_links":{"self":[{"href":"https:\/\/www.europesays.com\/de\/wp-json\/wp\/v2\/posts\/183727","targetHints":{"allow":["GET"]}}],"collection":[{"href":"https:\/\/www.europesays.com\/de\/wp-json\/wp\/v2\/posts"}],"about":[{"href":"https:\/\/www.europesays.com\/de\/wp-json\/wp\/v2\/types\/post"}],"author":[{"embeddable":true,"href":"https:\/\/www.europesays.com\/de\/wp-json\/wp\/v2\/users\/2"}],"replies":[{"embeddable":true,"href":"https:\/\/www.europesays.com\/de\/wp-json\/wp\/v2\/comments?post=183727"}],"version-history":[{"count":0,"href":"https:\/\/www.europesays.com\/de\/wp-json\/wp\/v2\/posts\/183727\/revisions"}],"wp:featuredmedia":[{"embeddable":true,"href":"https:\/\/www.europesays.com\/de\/wp-json\/wp\/v2\/media\/183728"}],"wp:attachment":[{"href":"https:\/\/www.europesays.com\/de\/wp-json\/wp\/v2\/media?parent=183727"}],"wp:term":[{"taxonomy":"category","embeddable":true,"href":"https:\/\/www.europesays.com\/de\/wp-json\/wp\/v2\/categories?post=183727"},{"taxonomy":"post_tag","embeddable":true,"href":"https:\/\/www.europesays.com\/de\/wp-json\/wp\/v2\/tags?post=183727"}],"curies":[{"name":"wp","href":"https:\/\/api.w.org\/{rel}","templated":true}]}}