{"id":183912,"date":"2025-06-12T06:45:16","date_gmt":"2025-06-12T06:45:16","guid":{"rendered":"https:\/\/www.europesays.com\/de\/183912\/"},"modified":"2025-06-12T06:45:16","modified_gmt":"2025-06-12T06:45:16","slug":"deutschland-gegen-slowenien-heute-live-im-free-tv-joyn-livestream-und-liveticker","status":"publish","type":"post","link":"https:\/\/www.europesays.com\/de\/183912\/","title":{"rendered":"Deutschland gegen Slowenien heute live im Free-TV, Joyn-Livestream und Liveticker"},"content":{"rendered":"<p class=\"css-1q8kfuz\">So verfolgt ihr bei der U21-EM 2025 das Spiel zwischen Deutschland und Slowenien live im Free-TV auf ProSieben MAXX und im kostenlosen Livestream auf Joyn.<\/p>\n<p class=\"css-1cmglxz\">F\u00fcr die deutsche U21-Nationalmannschaft beginnt die Mission EM-Titel.<\/p>\n<p class=\"css-1cmglxz\">Am Donnerstag trifft das Team von Bundestrainer Antonio Di Salvo bei der <a href=\"https:\/\/www.ran.de\/sports\/fussball\/u21-europameisterschaft\" target=\"_blank\" rel=\"noopener\">UEFA U21-Europameisterschaft 2025<\/a>\u00a0in der Slowakei im ersten Vorrundenspiel auf Slowenien.<\/p>\n<p class=\"css-1cmglxz\">Anschlie\u00dfend bekommen es die DFB-Talente in der Vorrunde noch mit Tschechien und Titelverteidiger England zu tun.<\/p>\n<p class=\"css-1cmglxz\">Vor der Abreise in die Slowakei strich Di Salvo aus dem vorl\u00e4ufigen Kader noch den Herthaner und k\u00fcnftigen Freiburger Derry Scherhant sowie Keeper\u00a0Johannes Schenk von Preu\u00dfen M\u00fcnster. Zudem musste auch der verletzte Finn Jeltsch vom VfB Stuttgart seine Endrunden-Teilnahme absagen.<\/p>\n<p class=\"css-1cmglxz\">Daf\u00fcr kann Di Salvo auf St\u00fcrmerstar Nick Woltemade zur\u00fcckgreifen. Der 1,98-Meter-H\u00fcne vom VfB Stuttgart war zuletzt schon bei der A-Nationalmannschaft mit dabei, soll nun f\u00fcr die U21 in der Slowakei f\u00fcr die n\u00f6tigen Tore auf dem Weg zum Ziel EM-Titel sorgen.<\/p>\n<p class=\"css-1cmglxz\">So verfolgt ihr das Vorrunden-Spiel bei der U21-EM 2025 zwischen Deutschland und Slowenien live im Free-TV, Livestream und im Liveticker.<\/p>\n<p>Deutschland vs. Slowenien heute live: L\u00e4uft die U21-EM im Free-TV?<\/p>\n<p class=\"css-1cmglxz\">Ja. Das Spiel wird im Free-TV in SAT.1 \u00fcbertragen. Das &#8222;ran Sat.1 Bundesliga&#8220;-Team berichtet ab 20:15 Uhr.<\/p>\n<p>Deutschland vs. Slowenien heute live: Wo gibt es einen Livestream?<\/p>\n<p class=\"css-1cmglxz\">Einen kostenlosen Livestream gibt es auf <a href=\"https:\/\/www.joyn.de\/play\/live-tv?channel_id=2&amp;utm_campaign=joynlinkout&amp;utm_content=textlink_live_format&amp;utm_term=channel_live_tv&amp;utm_medium=referral&amp;utm_source=www.ran.de\" target=\"_blank\" rel=\"noopener\">Joyn<\/a> und ran.de.<\/p>\n<p>U21-EM 2025 heute live: Wo gibt&#8217;s einen Liveticker zu Deutschland vs. Slowenien?<\/p>\n<p class=\"css-1cmglxz\">Entweder auf <a href=\"https:\/\/www.ran.de\/sports\/ticker\/ma10786337\/liveticker?from=%2Fsports%2Ffussball%2Fu21-europameisterschaft%2Fspielplan\" target=\"_blank\" rel=\"noopener\">ran.de<\/a> oder in der ran-App (zum Download im <a href=\"https:\/\/apps.apple.com\/de\/app\/ran-nfl-bundesliga-dtm\/id332534830\" target=\"_blank\" rel=\"noopener\">Apple<\/a>&#8211; und <a href=\"https:\/\/play.google.com\/store\/apps\/details?id=de.cellular.ran&amp;hl=de&amp;gl=US\" target=\"_blank\" rel=\"noopener\">Android<\/a>-Store).<\/p>\n","protected":false},"excerpt":{"rendered":"So verfolgt ihr bei der U21-EM 2025 das Spiel zwischen Deutschland und Slowenien live im Free-TV auf ProSieben&hellip;\n","protected":false},"author":2,"featured_media":183913,"comment_status":"","ping_status":"","sticky":false,"template":"","format":"standard","meta":{"footnotes":""},"categories":[2],"tags":[48,331,3924,332,3922,3364,29,11403,9151,347,30,13,6461,4006,14,3923,15,3921,13002,12,7376,44606,22156,9149,60913],"class_list":{"0":"post-183912","1":"post","2":"type-post","3":"status-publish","4":"format-standard","5":"has-post-thumbnail","7":"category-deutschland","8":"tag-48","9":"tag-aktuelle-nachrichten","10":"tag-aktuelle-nachrichten-aus-deutschland","11":"tag-aktuelle-news","12":"tag-aktuelle-news-aus-deutschland","13":"tag-de","14":"tag-deutschland","15":"tag-em","16":"tag-free-tv","17":"tag-fussball","18":"tag-germany","19":"tag-headlines","20":"tag-heute","21":"tag-live","22":"tag-nachrichten","23":"tag-nachrichten-aus-deutschland","24":"tag-news","25":"tag-news-aus-deutschland","26":"tag-sat-1","27":"tag-schlagzeilen","28":"tag-slowakei","29":"tag-slowenien","30":"tag-u21","31":"tag-uebertragung","32":"tag-vorrunde"},"share_on_mastodon":{"url":"https:\/\/pubeurope.com\/@de\/114669048545757013","error":""},"_links":{"self":[{"href":"https:\/\/www.europesays.com\/de\/wp-json\/wp\/v2\/posts\/183912","targetHints":{"allow":["GET"]}}],"collection":[{"href":"https:\/\/www.europesays.com\/de\/wp-json\/wp\/v2\/posts"}],"about":[{"href":"https:\/\/www.europesays.com\/de\/wp-json\/wp\/v2\/types\/post"}],"author":[{"embeddable":true,"href":"https:\/\/www.europesays.com\/de\/wp-json\/wp\/v2\/users\/2"}],"replies":[{"embeddable":true,"href":"https:\/\/www.europesays.com\/de\/wp-json\/wp\/v2\/comments?post=183912"}],"version-history":[{"count":0,"href":"https:\/\/www.europesays.com\/de\/wp-json\/wp\/v2\/posts\/183912\/revisions"}],"wp:featuredmedia":[{"embeddable":true,"href":"https:\/\/www.europesays.com\/de\/wp-json\/wp\/v2\/media\/183913"}],"wp:attachment":[{"href":"https:\/\/www.europesays.com\/de\/wp-json\/wp\/v2\/media?parent=183912"}],"wp:term":[{"taxonomy":"category","embeddable":true,"href":"https:\/\/www.europesays.com\/de\/wp-json\/wp\/v2\/categories?post=183912"},{"taxonomy":"post_tag","embeddable":true,"href":"https:\/\/www.europesays.com\/de\/wp-json\/wp\/v2\/tags?post=183912"}],"curies":[{"name":"wp","href":"https:\/\/api.w.org\/{rel}","templated":true}]}}