{"id":183959,"date":"2025-06-12T07:10:09","date_gmt":"2025-06-12T07:10:09","guid":{"rendered":"https:\/\/www.europesays.com\/de\/183959\/"},"modified":"2025-06-12T07:10:09","modified_gmt":"2025-06-12T07:10:09","slug":"nordrhein-westfalen-rettungskraefte-suchen-in-see-nach-vermisstem","status":"publish","type":"post","link":"https:\/\/www.europesays.com\/de\/183959\/","title":{"rendered":"Nordrhein-Westfalen: Rettungskr\u00e4fte suchen in See nach Vermisstem"},"content":{"rendered":"<p>                    Nordrhein-Westfalen<br \/>\n                Rettungskr\u00e4fte suchen in See nach Vermisstem<\/p>\n<p>\t\t\t\t              12.06.2025, 08:07 Uhr<\/p>\n<p><strong>Zwei Personen gehen nachts in K\u00f6ln baden. W\u00e4hrend eine Frau gerettet werden kann, wird ein Mann noch vermisst.<\/strong><\/p>\n<p>K\u00f6ln (dpa\/lnw) &#8211; In einem See in K\u00f6ln suchen Rettungskr\u00e4fte nach einem vermissten Mann. Nach Angaben eines Polizeisprechers war am fr\u00fchen Morgen zun\u00e4chst eine Frau aus dem Wassermannsee im Stadtteil Ehrenfeld gerettet worden. Sie kam in ein Krankenhaus. Anschlie\u00dfend h\u00e4tten sich Hinweise darauf ergeben, dass sich eine weitere Person in dem See befinde.\u00a0<\/p>\n<p>Bei der Suche sind zahlreiche Feuerwehrleute und DLRG-Helfer im Einsatz. Warum die Personen in der Dunkelheit ins Wasser gingen, sei noch unklar, sagte der Sprecher.<\/p>\n","protected":false},"excerpt":{"rendered":"Nordrhein-Westfalen Rettungskr\u00e4fte suchen in See nach Vermisstem 12.06.2025, 08:07 Uhr Zwei Personen gehen nachts in K\u00f6ln baden. W\u00e4hrend&hellip;\n","protected":false},"author":2,"featured_media":183960,"comment_status":"","ping_status":"","sticky":false,"template":"","format":"standard","meta":{"footnotes":""},"categories":[1828],"tags":[29,30,1420,1209,21884,15697,61605],"class_list":{"0":"post-183959","1":"post","2":"type-post","3":"status-publish","4":"format-standard","5":"has-post-thumbnail","7":"category-koeln","8":"tag-deutschland","9":"tag-germany","10":"tag-koeln","11":"tag-nordrhein-westfalen","12":"tag-rettungskraefte","13":"tag-see","14":"tag-vermisstem"},"share_on_mastodon":{"url":"https:\/\/pubeurope.com\/@de\/114669146863354700","error":""},"_links":{"self":[{"href":"https:\/\/www.europesays.com\/de\/wp-json\/wp\/v2\/posts\/183959","targetHints":{"allow":["GET"]}}],"collection":[{"href":"https:\/\/www.europesays.com\/de\/wp-json\/wp\/v2\/posts"}],"about":[{"href":"https:\/\/www.europesays.com\/de\/wp-json\/wp\/v2\/types\/post"}],"author":[{"embeddable":true,"href":"https:\/\/www.europesays.com\/de\/wp-json\/wp\/v2\/users\/2"}],"replies":[{"embeddable":true,"href":"https:\/\/www.europesays.com\/de\/wp-json\/wp\/v2\/comments?post=183959"}],"version-history":[{"count":0,"href":"https:\/\/www.europesays.com\/de\/wp-json\/wp\/v2\/posts\/183959\/revisions"}],"wp:featuredmedia":[{"embeddable":true,"href":"https:\/\/www.europesays.com\/de\/wp-json\/wp\/v2\/media\/183960"}],"wp:attachment":[{"href":"https:\/\/www.europesays.com\/de\/wp-json\/wp\/v2\/media?parent=183959"}],"wp:term":[{"taxonomy":"category","embeddable":true,"href":"https:\/\/www.europesays.com\/de\/wp-json\/wp\/v2\/categories?post=183959"},{"taxonomy":"post_tag","embeddable":true,"href":"https:\/\/www.europesays.com\/de\/wp-json\/wp\/v2\/tags?post=183959"}],"curies":[{"name":"wp","href":"https:\/\/api.w.org\/{rel}","templated":true}]}}