{"id":184001,"date":"2025-06-12T07:33:10","date_gmt":"2025-06-12T07:33:10","guid":{"rendered":"https:\/\/www.europesays.com\/de\/184001\/"},"modified":"2025-06-12T07:33:10","modified_gmt":"2025-06-12T07:33:10","slug":"rund-122-millionen-menschen-laut-un-bericht-auf-der-flucht","status":"publish","type":"post","link":"https:\/\/www.europesays.com\/de\/184001\/","title":{"rendered":"Rund 122 Millionen Menschen laut UN-Bericht auf der Flucht"},"content":{"rendered":"<p class=\"metatextline\">Stand: 12.06.2025 07:04 Uhr<\/p>\n<p class=\"textabsatz columns twelve  m-ten  m-offset-one l-eight l-offset-two\">\n        <strong>Kriege, Konflikte und Vertreibung &#8211; einem UN-Bericht zufolge sind weltweit rund 122 Millionen Menschen auf der Flucht. Besonders dramatisch sei die Lage im Sudan. Vor allem Syrer konnten aber in ihre Heimat zur\u00fcckkehren.<\/strong>\n    <\/p>\n<p>                                        <a class=\"authorline__link\" href=\"https:\/\/www.tagesschau.de\/korrespondenten\/kathrin-hondl-103.html\" target=\"_blank\" rel=\"noopener\"><br \/>\n                                            <img decoding=\"async\" class=\"authorline__img\" alt=\"Kathrin Hondl\" src=\"https:\/\/www.europesays.com\/de\/wp-content\/uploads\/2025\/06\/hondl-101.jpg\"\/><br \/>\n                                        <\/a><\/p>\n<p class=\"textabsatz m-ten m-offset-one l-eight l-offset-two columns twelve\">\nImmer mehr Menschen sind auf der Flucht vor Krieg, Gewalt und Verfolgung. Gleichzeitig wird das Geld, um ihnen zu helfen, immer knapper, so die d\u00fcstere Bilanz des neuen Berichts des UN-Fl\u00fcchtlingshilfswerks UNHCR. Weltweit gab es demnach Ende April mehr als 122 Millionen gewaltsam vertriebene Frauen, M\u00e4nner und Kinder &#8211; gut zwei Millionen mehr als im Vorjahr.<\/p>\n<p class=\"textabsatz m-ten m-offset-one l-eight l-offset-two columns twelve\">\nDamit habe sich die Zahl der Vertriebenen in den vergangenen zehn Jahren verdoppelt. Die dem UNHCR zur Verf\u00fcgung stehenden Mittel dagegen seien auf dem Stand von 2015, so Filippo Grandi, der UN-Hochkommissar f\u00fcr Fl\u00fcchtlinge. &#8222;Wir erleben einen dramatischen R\u00fcckgang der Ressourcen&#8220;, sagt er. Das h\u00e4nge zum einen damit zusammen, weil die US-Beitr\u00e4ge eingefroren wurden, zum anderen aber auch, weil andere L\u00e4nder weniger geben w\u00fcrden. &#8222;Wir haben also weniger Geld und viel mehr Menschen, denen wir in sehr komplizierten Situationen helfen m\u00fcssen&#8220;, so Grandi.<\/p>\n<p>    Krieg hat 14 Millionen Menschen im Sudan vertrieben<\/p>\n<p class=\"textabsatz m-ten m-offset-one l-eight l-offset-two columns twelve\">\nGrandi ist f\u00fcr unser Gespr\u00e4ch aus \u00c4thiopien zugeschaltet. Das Land hat \u00fcber eine Million Fl\u00fcchtlinge aufgenommen &#8211; vor allem aus dem Nachbarland Sudan, wo der brutale Krieg fast 14 Millionen Menschen vertrieben hat. Aber f\u00fcr die nach \u00c4thiopien geflohenen Sudanesinnen und Sudanesen hat das Fl\u00fcchtlingshilfswerk jetzt nur noch halb so viel Geld wie 2024.<\/p>\n<p class=\"textabsatz m-ten m-offset-one l-eight l-offset-two columns twelve\">\n&#8222;Zum Beispiel mussten wir alle Hilfen f\u00fcr Frauen, die in diesen Kriegen vergewaltigt worden sind, stoppen &#8211; denn das Programm war gr\u00f6\u00dftenteils von den USA finanziert. Wir haben unterern\u00e4hrte Kinder, deren Behandlung in Krankenh\u00e4usern und Fl\u00fcchtlingslagern auf ein Minimum reduziert werden muss, um schnell Platz zu haben f\u00fcr noch mehr unterern\u00e4hrte Kinder, die extreme Hilfe ben\u00f6tigen.&#8220;<\/p>\n<p>    Auch Afghanistan und die Ukraine sind Hotspots<\/p>\n<p class=\"textabsatz m-ten m-offset-one l-eight l-offset-two columns twelve\">\nDer Sudan ist laut dem neuen UNHCR-Bericht das Land mit der schlimmsten Vertreibungskrise weltweit. Hotspots sind auch Afghanistan mit mehr als zehn Millionen und die Ukraine mit fast neun Millionen Vertriebenen. Zu ihnen z\u00e4hlt das Fl\u00fcchtlingshilfswerk auch Menschen, die innerhalb ihrer L\u00e4nder auf der Flucht sind. Und das sind die meisten: Die Zahl der Binnenvertriebenen ist laut dem Bericht um \u00fcber sechs Millionen gestiegen.<\/p>\n<p class=\"textabsatz m-ten m-offset-one l-eight l-offset-two columns twelve\">\nDie Zahl der Fl\u00fcchtlinge, die ihre L\u00e4nder verlassen mussten, ist dagegen mit knapp 43 Millionen relativ stabil geblieben. Und die gro\u00dfe Mehrheit der Gefl\u00fcchteten &#8211; das best\u00e4tigt der neue Bericht einmal mehr &#8211; lebt nicht in reichen Regionen wie Europa, sondern es sind arme L\u00e4nder wie \u00c4thiopien, die 73 Prozent der Fl\u00fcchtlinge weltweit aufnehmen.<\/p>\n<p class=\"textabsatz m-ten m-offset-one l-eight l-offset-two columns twelve\">\n&#8222;Aber in den reichen L\u00e4ndern&#8220;, so Filippo Grandi, &#8222;herrscht immer die Vorstellung, dass alle dort hinkommen wollen &#8211; dass es eine nicht zu bew\u00e4ltigende Invasion von Fl\u00fcchtlingen gebe. Diese Wahrnehmung wurde sorgf\u00e4ltig gepflegt von gewissen Leuten des politischen Establishments, die damit Wahlen gewinnen.&#8220;<\/p>\n<p>    &#8222;Fehlende Hilfe treibt Menschen in die Flucht&#8220;<\/p>\n<p class=\"textabsatz m-ten m-offset-one l-eight l-offset-two columns twelve\">\nDie G7-Staaten &#8211; also die wichtigsten westlichen Industriel\u00e4nder &#8211; werden laut einer aktuellen Analyse der Organisation Oxfam &#8211; ihre Ausgaben f\u00fcr Entwicklungshilfe bis 2026 um voraussichtlich 28 Prozent k\u00fcrzen. Abgesehen von moralischen Fragen seien diese politischen Entscheidungen auch im nationalen Eigeninteresse &#8222;sehr kurzsichtig&#8220;, meint UN-Fl\u00fcchtlingshochkommissar Grandi. Denn fehlende Hilfe werde die Menschen letztlich in die Flucht Richtung Europa treiben.<\/p>\n<p class=\"textabsatz m-ten m-offset-one l-eight l-offset-two columns twelve\">\n&#8222;Europa ist von einem Kriseng\u00fcrtel umgeben&#8220;, so Grandi. &#8222;Wenn wir nun, wie es der Fall ist, die humanit\u00e4re Hilfe halbieren m\u00fcssen, dann wird das zu Migrationsbewegungen f\u00fchren. 250.000 Sudanesen sind derzeit in Libyen &#8211; weil sie im Sudan oder in den Nachbarl\u00e4ndern keine Hilfe mehr bekommen konnten. Und wir alle wissen: nach Libyen zu gehen, bedeutet weiterzuziehen &#8211; nach Europa.&#8220;<\/p>\n","protected":false},"excerpt":{"rendered":"Stand: 12.06.2025 07:04 Uhr Kriege, Konflikte und Vertreibung &#8211; einem UN-Bericht zufolge sind weltweit rund 122 Millionen Menschen&hellip;\n","protected":false},"author":2,"featured_media":184002,"comment_status":"","ping_status":"","sticky":false,"template":"","format":"standard","meta":{"footnotes":""},"categories":[3],"tags":[8036,13,382,14,15,12,10,8,9,11,61613,103,104],"class_list":{"0":"post-184001","1":"post","2":"type-post","3":"status-publish","4":"format-standard","5":"has-post-thumbnail","7":"category-welt","8":"tag-flucht","9":"tag-headlines","10":"tag-migration","11":"tag-nachrichten","12":"tag-news","13":"tag-schlagzeilen","14":"tag-top-news","15":"tag-top-meldungen","16":"tag-topmeldungen","17":"tag-topnews","18":"tag-vertreibung","19":"tag-welt","20":"tag-world"},"share_on_mastodon":{"url":"https:\/\/pubeurope.com\/@de\/114669237466732616","error":""},"_links":{"self":[{"href":"https:\/\/www.europesays.com\/de\/wp-json\/wp\/v2\/posts\/184001","targetHints":{"allow":["GET"]}}],"collection":[{"href":"https:\/\/www.europesays.com\/de\/wp-json\/wp\/v2\/posts"}],"about":[{"href":"https:\/\/www.europesays.com\/de\/wp-json\/wp\/v2\/types\/post"}],"author":[{"embeddable":true,"href":"https:\/\/www.europesays.com\/de\/wp-json\/wp\/v2\/users\/2"}],"replies":[{"embeddable":true,"href":"https:\/\/www.europesays.com\/de\/wp-json\/wp\/v2\/comments?post=184001"}],"version-history":[{"count":0,"href":"https:\/\/www.europesays.com\/de\/wp-json\/wp\/v2\/posts\/184001\/revisions"}],"wp:featuredmedia":[{"embeddable":true,"href":"https:\/\/www.europesays.com\/de\/wp-json\/wp\/v2\/media\/184002"}],"wp:attachment":[{"href":"https:\/\/www.europesays.com\/de\/wp-json\/wp\/v2\/media?parent=184001"}],"wp:term":[{"taxonomy":"category","embeddable":true,"href":"https:\/\/www.europesays.com\/de\/wp-json\/wp\/v2\/categories?post=184001"},{"taxonomy":"post_tag","embeddable":true,"href":"https:\/\/www.europesays.com\/de\/wp-json\/wp\/v2\/tags?post=184001"}],"curies":[{"name":"wp","href":"https:\/\/api.w.org\/{rel}","templated":true}]}}