{"id":184109,"date":"2025-06-12T08:35:13","date_gmt":"2025-06-12T08:35:13","guid":{"rendered":"https:\/\/www.europesays.com\/de\/184109\/"},"modified":"2025-06-12T08:35:13","modified_gmt":"2025-06-12T08:35:13","slug":"hamburg-faelscherring-von-der-bundespolizei-ausgehoben-regional","status":"publish","type":"post","link":"https:\/\/www.europesays.com\/de\/184109\/","title":{"rendered":"Hamburg: F\u00e4lscherring von der Bundespolizei ausgehoben | Regional"},"content":{"rendered":"<p>Hamburg \u2013 <b>Gro\u00dfeinsatz in Hamburg: In der Hansestadt hat die Bundespolizei am Donnerstagmorgen einen F\u00e4lscherring ausgehoben und vier Bandenmitglieder verhaftet. <\/b><\/p>\n<p>Nach BILD-Informationen r\u00fcckten im Morgengrauen schwer bewaffnete und maskierte Kr\u00e4fte in den Stadtteilen Billstedt, Osdorf, Steilshoop und Poppenb\u00fcttel an. Sechs Objekte seien im Auftrag der <a href=\"https:\/\/www.bild.de\/themen\/organisationen\/staatsanwaltschaft-alle-infos-und-news-KDJzQvfvRkaBLQ0vXYpd\" class=\"text-link\" rel=\"nofollow noopener\" target=\"_blank\">Staatsanwaltschaft<\/a> durchsucht worden, teilte die Bundespolizeidirektion Bad Bramstedt mit. <\/p>\n<p>P\u00e4sse und Meldebescheinigungen gef\u00e4lscht<\/p>\n<p>Die Gruppe aus dem Raum <a href=\"https:\/\/www.bild.de\/regional\/hamburg\/hamburg-regional\/home-16344102.bild.html\" class=\"text-link\" rel=\"nofollow noopener\" target=\"_blank\">Hamburg<\/a> soll \u00fcber einen l\u00e4ngeren Zeitraum hinweg gewerbs- und bandenm\u00e4\u00dfig verschiedene Dokumente gef\u00e4lscht und anschlie\u00dfend in Umlauf gebracht haben, um damit Geld zu verdienen. <\/p>\n<p><img decoding=\"async\" width=\"992\" height=\"1178\" alt=\"Sechs Objekte wurden in Hamburg von der Bundespolizei durchsucht\" src=\"https:\/\/www.europesays.com\/de\/wp-content\/uploads\/2025\/06\/a8db1a6b2f3dc842d4b37f2c1e26dcc7,54d2d3cd\"   class=\"portrait\" loading=\"lazy\"\/><\/p>\n<p class=\"fig__caption__text\">Sechs Objekte wurden in Hamburg von der Bundespolizei durchsucht<\/p>\n<p>Foto: Bundespolizei<\/p>\n<p>Torsten Tamm von der Bundespolizeidirektion Bad Bramstedt (<a href=\"https:\/\/www.bild.de\/regional\/schleswig-holstein\/home-qCZ6mwob6UU7gmO8lvCg\" class=\"text-link\" rel=\"nofollow noopener\" target=\"_blank\">Schleswig-Holstein<\/a>) erkl\u00e4rte am Morgen gegen\u00fcber BILD, dass es sich um gef\u00e4lschte P\u00e4sse, ID-Karten, F\u00fchrerscheine sowie Meldebescheinigungen handelte.<\/p>\n<p>Die Ermittlungen laufen seit 2024<\/p>\n<p>Hintergrund der umfangreichen Razzien ist den Angaben zufolge ein Ermittlungsverfahren der Bundespolizeiinspektion Kriminalit\u00e4tsbek\u00e4mpfung <a href=\"https:\/\/www.bild.de\/regional\/rostock\/home-iUxyyKsPlfCRTtIBo8zG\" class=\"text-link\" rel=\"nofollow noopener\" target=\"_blank\">Rostock<\/a> wegen des Verdachts der besonders schweren Urkundenf\u00e4lschung, das seit Januar 2024 gef\u00fchrt wurde.<\/p>\n<p>Lesen Sie auch<\/p>\n<p>\u00dcber weitere Ergebnisse soll nach Abschluss der Ma\u00dfnahmen informiert werden, wie die <a href=\"https:\/\/www.bild.de\/politik\/inland\/bundespolizei\/thema-bundespolizei-alle-infos-79972208.bild.html\" class=\"text-link\" rel=\"nofollow noopener\" target=\"_blank\">Bundespolizei<\/a> mitteilte.<\/p>\n","protected":false},"excerpt":{"rendered":"Hamburg \u2013 Gro\u00dfeinsatz in Hamburg: In der Hansestadt hat die Bundespolizei am Donnerstagmorgen einen F\u00e4lscherring ausgehoben und vier&hellip;\n","protected":false},"author":2,"featured_media":184110,"comment_status":"","ping_status":"","sticky":false,"template":"","format":"standard","meta":{"footnotes":""},"categories":[1826],"tags":[421,29,61633,980,35,30,692,2213,1351,16039,1442,17807,583,1971,1997,45],"class_list":{"0":"post-184109","1":"post","2":"type-post","3":"status-publish","4":"format-standard","5":"has-post-thumbnail","7":"category-hamburg","8":"tag-bundespolizei","9":"tag-deutschland","10":"tag-faelschung","11":"tag-festnahme","12":"tag-fuehrerschein","13":"tag-germany","14":"tag-hamburg","15":"tag-hausdurchsuchung","16":"tag-mecklenburg-vorpommern","17":"tag-polizeiliche-massnahmen","18":"tag-razzia","19":"tag-reisepass","20":"tag-rostock","21":"tag-schleswig-holstein","22":"tag-staatsanwaltschaft","23":"tag-texttospeech"},"share_on_mastodon":{"url":"https:\/\/pubeurope.com\/@de\/114669481058564311","error":""},"_links":{"self":[{"href":"https:\/\/www.europesays.com\/de\/wp-json\/wp\/v2\/posts\/184109","targetHints":{"allow":["GET"]}}],"collection":[{"href":"https:\/\/www.europesays.com\/de\/wp-json\/wp\/v2\/posts"}],"about":[{"href":"https:\/\/www.europesays.com\/de\/wp-json\/wp\/v2\/types\/post"}],"author":[{"embeddable":true,"href":"https:\/\/www.europesays.com\/de\/wp-json\/wp\/v2\/users\/2"}],"replies":[{"embeddable":true,"href":"https:\/\/www.europesays.com\/de\/wp-json\/wp\/v2\/comments?post=184109"}],"version-history":[{"count":0,"href":"https:\/\/www.europesays.com\/de\/wp-json\/wp\/v2\/posts\/184109\/revisions"}],"wp:featuredmedia":[{"embeddable":true,"href":"https:\/\/www.europesays.com\/de\/wp-json\/wp\/v2\/media\/184110"}],"wp:attachment":[{"href":"https:\/\/www.europesays.com\/de\/wp-json\/wp\/v2\/media?parent=184109"}],"wp:term":[{"taxonomy":"category","embeddable":true,"href":"https:\/\/www.europesays.com\/de\/wp-json\/wp\/v2\/categories?post=184109"},{"taxonomy":"post_tag","embeddable":true,"href":"https:\/\/www.europesays.com\/de\/wp-json\/wp\/v2\/tags?post=184109"}],"curies":[{"name":"wp","href":"https:\/\/api.w.org\/{rel}","templated":true}]}}