{"id":184117,"date":"2025-06-12T08:39:22","date_gmt":"2025-06-12T08:39:22","guid":{"rendered":"https:\/\/www.europesays.com\/de\/184117\/"},"modified":"2025-06-12T08:39:22","modified_gmt":"2025-06-12T08:39:22","slug":"ich-wuerde-als-schwuler-mann-nicht-haendchen-haltend-ueber-die-sonnenallee-laufen","status":"publish","type":"post","link":"https:\/\/www.europesays.com\/de\/184117\/","title":{"rendered":"\u201eIch w\u00fcrde als schwuler Mann nicht H\u00e4ndchen haltend \u00fcber die Sonnenallee laufen\u201c"},"content":{"rendered":"<p class=\"tspBFke tspBFkf\"><strong>Ren\u00e9 Powilleit, seit einem Monat gibt es eine neue Bundesregierung unter F\u00fchrung der CDU. Was k\u00f6nnen queere Menschen von Schwarz-Rot erwarten?<\/strong><br \/>Es wird nicht einfach, neue Dinge durchzusetzen. Sicherlich h\u00e4tten auch wir als LSU uns an manchen Punkten mehr gew\u00fcnscht. Der bef\u00fcrchtete Backlash \u2013 also ein Zur\u00fcck in die 60er und 70er Jahre \u2013 wird aber nicht eintreten. Dass Dinge wieder abgeschafft werden, das halte ich f\u00fcr nahezu ausgeschlossen.<\/p>\n","protected":false},"excerpt":{"rendered":"Ren\u00e9 Powilleit, seit einem Monat gibt es eine neue Bundesregierung unter F\u00fchrung der CDU. Was k\u00f6nnen queere Menschen&hellip;\n","protected":false},"author":2,"featured_media":184118,"comment_status":"","ping_status":"","sticky":false,"template":"","format":"standard","meta":{"footnotes":""},"categories":[1825],"tags":[30546,296,31,2237,29,30,2384,526,14544,528],"class_list":{"0":"post-184117","1":"post","2":"type-post","3":"status-publish","4":"format-standard","5":"has-post-thumbnail","7":"category-berlin","8":"tag-csd","9":"tag-berlin","10":"tag-cdu","11":"tag-clubs-und-nachtleben","12":"tag-deutschland","13":"tag-germany","14":"tag-kai-wegner","15":"tag-neukoelln","16":"tag-sonnenallee","17":"tag-tempelhof-schoeneberg"},"share_on_mastodon":{"url":"https:\/\/pubeurope.com\/@de\/114669496807327943","error":""},"_links":{"self":[{"href":"https:\/\/www.europesays.com\/de\/wp-json\/wp\/v2\/posts\/184117","targetHints":{"allow":["GET"]}}],"collection":[{"href":"https:\/\/www.europesays.com\/de\/wp-json\/wp\/v2\/posts"}],"about":[{"href":"https:\/\/www.europesays.com\/de\/wp-json\/wp\/v2\/types\/post"}],"author":[{"embeddable":true,"href":"https:\/\/www.europesays.com\/de\/wp-json\/wp\/v2\/users\/2"}],"replies":[{"embeddable":true,"href":"https:\/\/www.europesays.com\/de\/wp-json\/wp\/v2\/comments?post=184117"}],"version-history":[{"count":0,"href":"https:\/\/www.europesays.com\/de\/wp-json\/wp\/v2\/posts\/184117\/revisions"}],"wp:featuredmedia":[{"embeddable":true,"href":"https:\/\/www.europesays.com\/de\/wp-json\/wp\/v2\/media\/184118"}],"wp:attachment":[{"href":"https:\/\/www.europesays.com\/de\/wp-json\/wp\/v2\/media?parent=184117"}],"wp:term":[{"taxonomy":"category","embeddable":true,"href":"https:\/\/www.europesays.com\/de\/wp-json\/wp\/v2\/categories?post=184117"},{"taxonomy":"post_tag","embeddable":true,"href":"https:\/\/www.europesays.com\/de\/wp-json\/wp\/v2\/tags?post=184117"}],"curies":[{"name":"wp","href":"https:\/\/api.w.org\/{rel}","templated":true}]}}