{"id":184190,"date":"2025-06-12T09:21:10","date_gmt":"2025-06-12T09:21:10","guid":{"rendered":"https:\/\/www.europesays.com\/de\/184190\/"},"modified":"2025-06-12T09:21:10","modified_gmt":"2025-06-12T09:21:10","slug":"second-stage-eu-foerdert-berliner-tech-startup-mit-560-000-e","status":"publish","type":"post","link":"https:\/\/www.europesays.com\/de\/184190\/","title":{"rendered":"Second Stage: EU f\u00f6rdert Berliner Tech-Startup mit 560.000 \u20ac"},"content":{"rendered":"<p>        <a href=\"https:\/\/www.gameswirtschaft.de\/wp-content\/uploads\/2024\/05\/Second-Stage-Mirlach-Szymanski-Arslan.jpg\" data-caption=\"Die Gr\u00fcnder von Second Stage: Matthias Mirlach, Christian Szymanski und Egemen Arslan (Foto: Second Stage GmbH)\" target=\"_blank\" rel=\"noopener\"><img loading=\"lazy\" decoding=\"async\" width=\"640\" height=\"336\" class=\"entry-thumb td-modal-image\" src=\"https:\/\/www.europesays.com\/de\/wp-content\/uploads\/2025\/06\/Second-Stage-Mirlach-Szymanski-Arslan-640x336.jpg\"   alt=\"Die Gr\u00fcnder von Second Stage: Matthias Mirlach, Christian Szymanski und Egemen Arslan (Foto: Second Stage GmbH)\" title=\"Second-Stage-Mirlach-Szymanski-Arslan\"\/><\/a>Die Gr\u00fcnder von Second Stage: Matthias Mirlach, Christian Szymanski und Egemen Arslan (Foto: Second Stage GmbH)<\/p>\n<p><strong>Ein Jahr nach Gr\u00fcndung erh\u00e4lt die Berliner Second Stage GmbH eine substanzielle F\u00f6rderung aus dem EU-Programm Creative Europe Media.<\/strong><\/p>\n<p>560.000 \u20ac von der Europ\u00e4ischen Union, weitere 370.000 \u20ac aus eigenen Mitteln \u2013 ergibt fast eine Million Euro, die der Berliner Marketing- und Ad-Tech-Spezialist <a href=\"https:\/\/secondstage.io\" target=\"_blank\" rel=\"noopener\">Second Stage<\/a> in die hauseigene Plattform TRACKS investieren kann.<\/p>\n<p>Das Unternehmen wurde im Mai 2024 von den Branchen-Veteranen Christian Szymanski, Matthias Mirlach und Egemen Arslan <a href=\"https:\/\/www.gameswirtschaft.de\/marketing-pr\/second-stage-games-marketing-agentur\/\" target=\"_blank\" rel=\"noopener\">gegr\u00fcndet<\/a>.<\/p>\n<p>Das Geld soll dazu dienen, ein Produkt weiterzuentwickeln, das schon jetzt von einem Dutzend Entwicklern, Publishern und Agenturen zur Analyse und Optimierung von Marketing- und Influencer-Kampagnen genutzt wird. Die Bandbreite reicht von Indie-Produktionen bis zu Blockbustern aus dem AAA-Regal. Durch die Verkn\u00fcpfung von Spiel-Installationen, Nutzer-Engagement und In-Game-Monetarisierung soll TRACKS unter anderem die Kosten f\u00fcr die Kundenakquise senken und belastbare Entscheidungen erm\u00f6glichen.<\/p>\n<p><strong>Second-Stage-Co-Gr\u00fcnder Christian Szymanski:<\/strong> \u201eWir freuen uns, mit dieser gemeinsamen Investition die M\u00f6glichkeiten von TRACKS zu erweitern und Spiele-Vermarktern mehr Einblicke und Effizienz zu bieten. Dank der Unterst\u00fctzung durch Creative Europe MEDIA und unserer unternehmenseigenen Finanzierung k\u00f6nnen wir in tiefere Integrationen, zus\u00e4tzliche Funktionen und mehr verwertbare Daten f\u00fcr unsere Partner investieren.\u201c<\/p>\n<p>In Summe stellt die EU via Creative Europe Media in der aktuellen F\u00f6rder-Runde knapp 8 Mio. \u20ac f\u00fcr die Entwicklung innovativer L\u00f6sungen in der erweiterten Games- und Kreativ-Industrie bereit. Die Liste der gef\u00f6rderten Unternehmen und Projekte sollen in der laufenden Woche ver\u00f6ffentlicht werden.<\/p>\n<p><strong>Immer freitags, immer kostenlos: <\/strong>Jetzt GamesWirtschaft-Newsletter <a href=\"https:\/\/www.gameswirtschaft.de\/newsletter\/\" target=\"_blank\" rel=\"noopener\">abonnieren<\/a>!<br \/><strong>GamesWirtschaft auf Social Media:<\/strong> <a href=\"https:\/\/linkedin.com\/company\/gameswirtschaft\" target=\"_blank\" rel=\"noopener\">LinkedIn<\/a> \u25cf <a href=\"https:\/\/www.facebook.com\/gameswirtschaft\" target=\"_blank\" rel=\"noopener\">Facebook<\/a> \u25cf <a href=\"https:\/\/twitter.com\/gameswirtschaft\" target=\"_blank\" rel=\"noopener\">X<\/a>\u00a0\u25cf <a href=\"https:\/\/www.threads.net\/@gameswirtschaft\" target=\"_blank\" rel=\"noopener\">Threads<\/a> \u25cf <a href=\"https:\/\/bsky.app\/profile\/gameswirtschaft.bsky.social\" target=\"_blank\" rel=\"noopener\">Bluesky<\/a><\/p>\n<p>        <script async src=\"https:\/\/platform.twitter.com\/widgets.js\" charset=\"utf-8\"><\/script><\/p>\n","protected":false},"excerpt":{"rendered":"Die Gr\u00fcnder von Second Stage: Matthias Mirlach, Christian Szymanski und Egemen Arslan (Foto: Second Stage GmbH) Ein Jahr&hellip;\n","protected":false},"author":2,"featured_media":184191,"comment_status":"","ping_status":"","sticky":false,"template":"","format":"standard","meta":{"footnotes":""},"categories":[3933],"tags":[331,332,296,61660,61661,548,663,158,3934,3935,13,10274,14,15,12,61662],"class_list":{"0":"post-184190","1":"post","2":"type-post","3":"status-publish","4":"format-standard","5":"has-post-thumbnail","7":"category-eu","8":"tag-aktuelle-nachrichten","9":"tag-aktuelle-news","10":"tag-berlin","11":"tag-christian-szymanski","12":"tag-creative-media-europe","13":"tag-eu","14":"tag-europa","15":"tag-europaeische-union","16":"tag-europe","17":"tag-european-union","18":"tag-headlines","19":"tag-marketing","20":"tag-nachrichten","21":"tag-news","22":"tag-schlagzeilen","23":"tag-second-stage"},"share_on_mastodon":{"url":"https:\/\/pubeurope.com\/@de\/114669662038546096","error":""},"_links":{"self":[{"href":"https:\/\/www.europesays.com\/de\/wp-json\/wp\/v2\/posts\/184190","targetHints":{"allow":["GET"]}}],"collection":[{"href":"https:\/\/www.europesays.com\/de\/wp-json\/wp\/v2\/posts"}],"about":[{"href":"https:\/\/www.europesays.com\/de\/wp-json\/wp\/v2\/types\/post"}],"author":[{"embeddable":true,"href":"https:\/\/www.europesays.com\/de\/wp-json\/wp\/v2\/users\/2"}],"replies":[{"embeddable":true,"href":"https:\/\/www.europesays.com\/de\/wp-json\/wp\/v2\/comments?post=184190"}],"version-history":[{"count":0,"href":"https:\/\/www.europesays.com\/de\/wp-json\/wp\/v2\/posts\/184190\/revisions"}],"wp:featuredmedia":[{"embeddable":true,"href":"https:\/\/www.europesays.com\/de\/wp-json\/wp\/v2\/media\/184191"}],"wp:attachment":[{"href":"https:\/\/www.europesays.com\/de\/wp-json\/wp\/v2\/media?parent=184190"}],"wp:term":[{"taxonomy":"category","embeddable":true,"href":"https:\/\/www.europesays.com\/de\/wp-json\/wp\/v2\/categories?post=184190"},{"taxonomy":"post_tag","embeddable":true,"href":"https:\/\/www.europesays.com\/de\/wp-json\/wp\/v2\/tags?post=184190"}],"curies":[{"name":"wp","href":"https:\/\/api.w.org\/{rel}","templated":true}]}}