{"id":184268,"date":"2025-06-12T10:02:14","date_gmt":"2025-06-12T10:02:14","guid":{"rendered":"https:\/\/www.europesays.com\/de\/184268\/"},"modified":"2025-06-12T10:02:14","modified_gmt":"2025-06-12T10:02:14","slug":"prinzessin-mette-marit-endlich-erste-worte-zu-ingrids-studium","status":"publish","type":"post","link":"https:\/\/www.europesays.com\/de\/184268\/","title":{"rendered":"Prinzessin Mette-Marit: Endlich erste Worte zu Ingrids Studium"},"content":{"rendered":"<p>Prinzessin Mette-Marit<br \/>\nEndlich erste Worte zu Ingrid Alexandras Studium<\/p>\n<p><img class=\"image image-element__image\"   src=\"https:\/\/www.europesays.com\/de\/wp-content\/uploads\/2025\/06\/prinzessin-mette-marit-prinzessin-ingrid-alexandra-neu.jpg\" alt=\"Prinzessin Mette-Marit und Prinzessin Ingrid Alexandra\" decoding=\"async\" fetchpriority=\"high\" loading=\"eager\"\/><br \/>\n<a href=\"https:\/\/image.gala.de\/24394548\/t\/wJ\/v3\/w2048\/r1.5\/-\/prinzessin-mette-marit-prinzessin-ingrid-alexandra-neu.jpg#Dana%20Press\" class=\"image__magnifier\" aria-label=\"Vergr\u00f6\u00dfern\" rel=\"nofollow noopener\" target=\"_blank\"><\/p>\n<p> <a href=\"https:\/\/www.gala.de\/stars\/starportraets\/prinzessin-mette-marit-20520946.html\" data-article-type=\"star-portrait\" rel=\"nofollow noopener\" target=\"_blank\">Prinzessin Mette-Marit<\/a> und Prinzessin Ingrid Alexandra <\/p>\n<p>\u00a9 Dana Press<\/p>\n<p>\nBei einem Interview reagierte Prinzessin Mette-Marit j\u00fcngst \u00fcberraschend ablehnend, als es um die Zukunft ihrer Tochter Ingrid Alexandra ging. Nun lie\u00df sich die norwegische Kronprinzessin endlich pers\u00f6nliche Worte dazu entlocken.\n<\/p>\n<p class=\"text-element u-richtext u-typo u-typo--article-text article__text-element text-element--context-article\"> Der Zeitung VG zufolge besuchte <a class=\"link--person\" data-target-type=\"article\" href=\"https:\/\/www.gala.de\/stars\/starportraets\/prinzessin-mette-marit-20520946.html\" rel=\"nofollow noopener\" target=\"_blank\">Prinzessin Mette-Marit<\/a>, 51, am 4. und 5. Juni 2025 mehrere Termine auf dem Norwegischen Literaturfestival in Lillehammer. Keiner davon war im K\u00f6niglichen Kalender zuvor angek\u00fcndigt gewesen, schreibt &#8222;Dana Press&#8220; in Berufung auf die norwegische Publikation. Ein Detail, das \u00fcberraschte \u2013 wenn auch nicht so sehr wie Mette-Marits schroffer Ton in einem Interview mit der VG.\u00a0<\/p>\n<p>Prinzessin Mette-Marit blockte Fragen nach Familie ungewohnt unh\u00f6flich ab<\/p>\n<p class=\"text-element u-richtext u-typo u-typo--article-text article__text-element text-element--context-article\"> Eigentlich ist die Ehefrau von <a class=\"link--person\" data-target-type=\"article\" href=\"https:\/\/www.gala.de\/stars\/starportraets\/prinz-haakon-von-norwegen-21780530.html\" rel=\"nofollow noopener\" target=\"_blank\">Prinz Haakon<\/a>, 51, f\u00fcr ihre Warmherzigkeit und ihren Humor bekannt. Davon schimmerte im Interview mit einer VG-Journalistin am 5. Juni aber wenig durch. Die Kronprinzessin nahm sich rund zehn Minuten Zeit f\u00fcr das Gespr\u00e4ch und hatte es augenscheinlich eilig, schnell weiterzukommen. Sie habe sich &#8222;wie eine ganz normale Festivalbesucherin am\u00fcsiert&#8220;, sagte Mette-Marit \u00fcber ihre Erfahrungen bei der mehrt\u00e4gigen Literaturveranstaltung. Die 51-J\u00e4hrige hatte ein B\u00fchnengespr\u00e4ch mit dem japanischen Autor Haruki Murakami, 76. Danach zeigte sie sich &#8222;so erleichtert&#8220; dar\u00fcber, &#8222;dass es vorbei ist. Und dass er so zufrieden war. Das ist das Wichtigste.&#8220;<\/p>\n<p class=\"text-element u-richtext u-typo u-typo--article-text article__text-element text-element--context-article\"> Seit Jahren gilt Mette-Marit als leidenschaftliche B\u00fccherliebhaberin. Ambitionen, etwas als Autorin zu ver\u00f6ffentlichen, hat sie hingegen nicht. &#8222;Ich denke, ich habe mit meinem eigenen Leben mehr als genug zu tun&#8220;, stellte sie klar. Es wirkte, als h\u00e4tte sich die Kronprinzessin nach dieser Antwort am liebsten schon verabschiedet. Als sie danach gefragt wurde, wie es wohl sein wird, wenn ihre Tochter <a class=\"\" data-target-type=\"article\" href=\"https:\/\/www.gala.de\/beauty-fashion\/fashion\/themen\/prinzessin-ingrid-alexandra-21460788.html\" rel=\"nofollow noopener\" target=\"_blank\">Prinzessin Ingrid Alexandra<\/a>, 21, bald f\u00fcr drei Jahre nach Australien zieht, reagierte Mette-Marit etwas schroff: &#8222;Darauf werde ich jetzt nicht antworten. Aber danke, dass Sie fragen.&#8220;<\/p>\n<p>Prinz Haakons Ehefrau beendet Interview selbst: &#8222;Jetzt ist Schluss&#8220;<\/p>\n<p class=\"text-element u-richtext u-typo u-typo--article-text article__text-element text-element--context-article\"> Prinzessin Ingrid Alexandra <a data-target-type=\"article\" href=\"https:\/\/www.gala.de\/royals\/skandinavier\/prinzessin-ingrid-alexandra--so-teuer-wird-ihr-studium-in-australien-24382140.html\" rel=\"nofollow noopener\" target=\"_blank\">wird ab diesem Herbst in Sydney studieren<\/a>. Auf sie wartet eine gleicherma\u00dfen herausfordernde wie aufregende Zeit, die bei ihrer Mama vielleicht Erinnerungen an ihre eigene Vergangenheit weckt. Mette-Marit lebte nach ihrem Schulabschluss f\u00fcr ein Jahr in Australien. Vielleicht, denn: Einblicke in ihre Gedankenwelt gew\u00e4hrte die 51-J\u00e4hrige an diesem 5. Juni keine. Auf die Frage, woran sie sich am besten aus ihrer Zeit in Down Under erinnere, antwortete sie schlicht: &#8222;Nein, aber ich glaube jedenfalls, dass ich damals nicht so viel gelesen habe \u2013 aber heute steht Literatur auf dem Programm.&#8220;<\/p>\n<p><img class=\"image teaser__image\"   src=\"https:\/\/www.europesays.com\/de\/wp-content\/uploads\/2025\/06\/1749217932_123_prinzessin-ingrid-alexandra-teaser.jpg\" alt=\"Prinzessin Ingrid Alexandra und Prinzessin Mette-Marit\" decoding=\"async\" fetchpriority=\"auto\" loading=\"lazy\"\/><\/p>\n<p><a href=\"https:\/\/www.gala.de\/royals\/skandinavier\/prinzessin-ingrid-alexandra--e-mail-sorgt-in-australien-fuer-wirbel-24387152.html\" class=\"teaser__link js-embedded-teaser teaser__link--overlay\" rel=\"nofollow noopener\" target=\"_blank\"><br \/>\nE-Mail aufgetaucht<br \/>\nPrinzessin Ingrid Alexandra sorgt in Australien schon jetzt f\u00fcr Wirbel<br \/>\n<\/a> <\/p>\n<p class=\"text-element u-richtext u-typo u-typo--article-text article__text-element text-element--context-article\"> Eine entt\u00e4uschende Aussage und ein eher misslungener Versuch der Royal, das Gespr\u00e4ch wieder auf das Literaturfestival zu lenken. Die Journalistin wagte noch einen letzten Versuch und wollte wissen: &#8222;Eine solche Studienzeit pr\u00e4gt einen vielleicht als Mensch, genau wie Literatur?&#8220; Dar\u00fcber konnte die Kronprinzessin nur lachen \u2013 wirkt aber in diesem Moment immerhin herzlich. &#8222;Sie versuchen es&#8220;, grinst Mette-Marit, &#8222;herzlichen Gl\u00fcckwunsch, aber jetzt ist Schluss.&#8220;<\/p>\n<p>Lernt Mette-Marit aus ihren Fehlern? Pl\u00f6tzlich ist sie offen<\/p>\n<p class=\"text-element u-richtext u-typo u-typo--article-text article__text-element text-element--context-article\"> Am 11. Juni, also rund eine Woche sp\u00e4ter, wurde Mette-Marit beim traditionellen Fu\u00dfballspiel auf ihrem Gut Skaugum erneut auf das Studium ihrer Tochter angesprochen. Und siehe da: Die 51-J\u00e4hrige lernte offenbar aus ihren Fehlern und zeigte sich pl\u00f6tzlich wieder offen und freundlich. Es sei sehr sch\u00f6n, dass sich Ingrid Alexandra f\u00fcr Australien entschieden habe, wird Mette-Marit von &#8222;Dana Press&#8220; zitiert, &#8222;und wir freuen uns sehr darauf, ihre Reise als Studentin zu begleiten.&#8220;<\/p>\n<p class=\"text-element u-richtext u-typo u-typo--article-text article__text-element text-element--context-article\"> Dar\u00fcber hinaus ist sich die dreifache Mutter sicher, dass die 21-J\u00e4hrige &#8222;jetzt einige der sch\u00f6nsten Jahre ihres Lebens vor sich&#8220; hat. &#8222;Ich finde es gro\u00dfartig, dass sie diese Erfahrung machen kann&#8220;, schw\u00e4rmt Mette-Marit weiter. Sicherlich waren es ihre eigenen Erinnerungen an ihre Zeit in Australien, die die Kronprinzessin dazu verf\u00fchrten, abschlie\u00dfend zu erkl\u00e4ren: &#8222;Dort erwarten sie viele nette Menschen und ein sehr gutes Studienumfeld. An dieser Universit\u00e4t passiert viel Spannendes.&#8220;<\/p>\n<p class=\"text-element u-richtext u-typo u-typo--article-text article__text-element text-element--context-article\"> Verwendete Quellen: vg.no, Dana Press<\/p>\n<p>\ncre<br \/>\nGala\n<\/p>\n<p>#Themen<\/p>\n","protected":false},"excerpt":{"rendered":"Prinzessin Mette-Marit Endlich erste Worte zu Ingrid Alexandras Studium Prinzessin Mette-Marit und Prinzessin Ingrid Alexandra \u00a9 Dana Press&hellip;\n","protected":false},"author":2,"featured_media":184269,"comment_status":"","ping_status":"","sticky":false,"template":"","format":"standard","meta":{"footnotes":""},"categories":[1776],"tags":[1801,29,214,30,1802,215],"class_list":{"0":"post-184268","1":"post","2":"type-post","3":"status-publish","4":"format-standard","5":"has-post-thumbnail","7":"category-prominente","8":"tag-celebrities","9":"tag-deutschland","10":"tag-entertainment","11":"tag-germany","12":"tag-prominente","13":"tag-unterhaltung"},"share_on_mastodon":{"url":"https:\/\/pubeurope.com\/@de\/114669823164803606","error":""},"_links":{"self":[{"href":"https:\/\/www.europesays.com\/de\/wp-json\/wp\/v2\/posts\/184268","targetHints":{"allow":["GET"]}}],"collection":[{"href":"https:\/\/www.europesays.com\/de\/wp-json\/wp\/v2\/posts"}],"about":[{"href":"https:\/\/www.europesays.com\/de\/wp-json\/wp\/v2\/types\/post"}],"author":[{"embeddable":true,"href":"https:\/\/www.europesays.com\/de\/wp-json\/wp\/v2\/users\/2"}],"replies":[{"embeddable":true,"href":"https:\/\/www.europesays.com\/de\/wp-json\/wp\/v2\/comments?post=184268"}],"version-history":[{"count":0,"href":"https:\/\/www.europesays.com\/de\/wp-json\/wp\/v2\/posts\/184268\/revisions"}],"wp:featuredmedia":[{"embeddable":true,"href":"https:\/\/www.europesays.com\/de\/wp-json\/wp\/v2\/media\/184269"}],"wp:attachment":[{"href":"https:\/\/www.europesays.com\/de\/wp-json\/wp\/v2\/media?parent=184268"}],"wp:term":[{"taxonomy":"category","embeddable":true,"href":"https:\/\/www.europesays.com\/de\/wp-json\/wp\/v2\/categories?post=184268"},{"taxonomy":"post_tag","embeddable":true,"href":"https:\/\/www.europesays.com\/de\/wp-json\/wp\/v2\/tags?post=184268"}],"curies":[{"name":"wp","href":"https:\/\/api.w.org\/{rel}","templated":true}]}}