{"id":184321,"date":"2025-06-12T10:31:10","date_gmt":"2025-06-12T10:31:10","guid":{"rendered":"https:\/\/www.europesays.com\/de\/184321\/"},"modified":"2025-06-12T10:31:10","modified_gmt":"2025-06-12T10:31:10","slug":"pol-bi-auf-regennasser-fahrbahn-in-die-leitplanke","status":"publish","type":"post","link":"https:\/\/www.europesays.com\/de\/184321\/","title":{"rendered":"POL-BI: Auf regennasser Fahrbahn in die Leitplanke"},"content":{"rendered":"<p class=\"date\">12.06.2025 \u2013 12:25<\/p>\n<p class=\"customer\">\n                        <a class=\"story-customer\" title=\"weiter zum newsroom von Polizei Bielefeld\" href=\"https:\/\/www.presseportal.de\/blaulicht\/nr\/12522\" rel=\"nofollow noopener\" target=\"_blank\">Polizei Bielefeld<\/a>\n                    <\/p>\n<p><a data-category=\"citylink-story-view\" data-action=\"click\" data-label=\"Citylink in Meldungsansicht\" class=\"story-city event-trigger\" href=\"https:\/\/www.presseportal.de\/regional\/Bielefeld\" title=\"News aus Bielefeld \" rel=\"nofollow noopener\" target=\"_blank\">Bielefeld<\/a> (ots)<\/p>\n<p>HC\/ Bielefeld- BAB 33- Senne-<br \/>\nAm Dienstagabend, 10.06.2025, ereignetet sich bei regennasser Fahrbahn ein Alleinunfall auf der A 33. Ein Reifen des PKW war abgefahren.<\/p>\n<p>Ein 24-j\u00e4hriger Bielefelder befuhr gegen 20:45 Uhr mit seinem Skoda Fabia die A 33 in Richtung Osnabr\u00fcck. Zwischen den Anschlussstellen Bielefeld Senne und Bielefeld Zentrum kam er bei regennasser Fahrbahn am Ende einer Kurve nach links von der Fahrbahn ab und stie\u00df gegen die Mittelschutzplanke.<\/p>\n<p>Die eingesetzten Polizisten der Autobahnpolizei stellten fest, dass einer der Reifen des Skoda nicht mehr die ausreichende Profiltiefe besa\u00df.<\/p>\n<p>Der Fabia waren nicht mehr fahrbereit und mussten abgeschleppt werden. Der Sachschaden wird auf circa 7600 Euro gesch\u00e4tzt.<br \/>\nDie Anschlussstelle Bielefeld Zentrum musste f\u00fcr die Bergungsarbeiten kurzzeitig gesperrt werden.<\/p>\n<p>Die Polizei r\u00e4t: Kontrollieren Sie regelm\u00e4\u00dfig die Verkehrssicherheit ihres Fahrzeugs. Sind Beleuchtung und Bremsen funktionst\u00fcchtig und haben die Reifen genug Profil.<\/p>\n<p class=\"contact-headline\">R\u00fcckfragen von Journalisten bitte an:<\/p>\n<p class=\"contact-text\">Polizeipr\u00e4sidium Bielefeld<br \/>Leitungsstab\/ Presse- und \u00d6ffentlichkeitsarbeit<br \/>Kurt-Schumacher-Stra\u00dfe 46<br \/>33615 Bielefeld<\/p>\n<p>Sonja Rehmert (SR), Tel. 0521\/545-3020<br \/>Katja K\u00fcster (KK), Tel. 0521\/545-3195<br \/>Sarah Siedschlag (SI), Tel. 0521\/545-3021<br \/>Michael K\u00f6tter (MK), Tel. 0521\/545-3022<br \/>Hella Christoph (HC), Tel. 0521\/545-3023<br \/>Fabian Rickel (FR), Tel. 0521\/545-3024<br \/>Caroline Steffen (CS), Tel. 0521\/545-3026<br \/>Lukas Reker (LR), Tel. 0521\/545-3222<br \/>Jan Grote (JG), Tel. 0521\/545-3235<\/p>\n<p>E-Mail: <a href=\"https:\/\/www.presseportal.de\/blaulicht\/pm\/12522\/mailto: pressestelle.bielefeld@polizei.nrw.de\" class=\"uri-mailto\" rel=\"nofollow noopener\" target=\"_blank\"> pressestelle.bielefeld@polizei.nrw.de<\/a><br \/><a target=\"_blank\" class=\"uri-ext outbound\" rel=\"noopener nofollow\" href=\"https:\/\/bielefeld.polizei.nrw\/\">https:\/\/bielefeld.polizei.nrw\/<\/a><\/p>\n<p>Au\u00dferhalb der B\u00fcrodienstzeit: Leitstelle, Tel. 0521\/545-0<\/p>\n<p class=\"originator\">Original-Content von: Polizei Bielefeld, \u00fcbermittelt durch news aktuell<\/p>\n","protected":false},"excerpt":{"rendered":"12.06.2025 \u2013 12:25 Polizei Bielefeld Bielefeld (ots) HC\/ Bielefeld- BAB 33- Senne- Am Dienstagabend, 10.06.2025, ereignetet sich bei&hellip;\n","protected":false},"author":2,"featured_media":108,"comment_status":"","ping_status":"","sticky":false,"template":"","format":"standard","meta":{"footnotes":""},"categories":[1841],"tags":[1605,3364,29,30,177,1209,176,121,178,180,179,181],"class_list":{"0":"post-184321","1":"post","2":"type-post","3":"status-publish","4":"format-standard","5":"has-post-thumbnail","7":"category-bielefeld","8":"tag-bielefeld","9":"tag-de","10":"tag-deutschland","11":"tag-germany","12":"tag-kriminalitt","13":"tag-nordrhein-westfalen","14":"tag-nrw","15":"tag-polizei","16":"tag-presse","17":"tag-pressemeldung","18":"tag-pressemitteilung","19":"tag-pressemitteilungen"},"share_on_mastodon":{"url":"https:\/\/pubeurope.com\/@de\/114669937226092461","error":""},"_links":{"self":[{"href":"https:\/\/www.europesays.com\/de\/wp-json\/wp\/v2\/posts\/184321","targetHints":{"allow":["GET"]}}],"collection":[{"href":"https:\/\/www.europesays.com\/de\/wp-json\/wp\/v2\/posts"}],"about":[{"href":"https:\/\/www.europesays.com\/de\/wp-json\/wp\/v2\/types\/post"}],"author":[{"embeddable":true,"href":"https:\/\/www.europesays.com\/de\/wp-json\/wp\/v2\/users\/2"}],"replies":[{"embeddable":true,"href":"https:\/\/www.europesays.com\/de\/wp-json\/wp\/v2\/comments?post=184321"}],"version-history":[{"count":0,"href":"https:\/\/www.europesays.com\/de\/wp-json\/wp\/v2\/posts\/184321\/revisions"}],"wp:featuredmedia":[{"embeddable":true,"href":"https:\/\/www.europesays.com\/de\/wp-json\/wp\/v2\/media\/108"}],"wp:attachment":[{"href":"https:\/\/www.europesays.com\/de\/wp-json\/wp\/v2\/media?parent=184321"}],"wp:term":[{"taxonomy":"category","embeddable":true,"href":"https:\/\/www.europesays.com\/de\/wp-json\/wp\/v2\/categories?post=184321"},{"taxonomy":"post_tag","embeddable":true,"href":"https:\/\/www.europesays.com\/de\/wp-json\/wp\/v2\/tags?post=184321"}],"curies":[{"name":"wp","href":"https:\/\/api.w.org\/{rel}","templated":true}]}}