{"id":184456,"date":"2025-06-12T11:44:16","date_gmt":"2025-06-12T11:44:16","guid":{"rendered":"https:\/\/www.europesays.com\/de\/184456\/"},"modified":"2025-06-12T11:44:16","modified_gmt":"2025-06-12T11:44:16","slug":"speaker-slam-in-wiesbaden-gebuertige-detmolderin-gewinnt-excellence-award-lokale-nachrichten-aus-detmold","status":"publish","type":"post","link":"https:\/\/www.europesays.com\/de\/184456\/","title":{"rendered":"Speaker-Slam in Wiesbaden: Geb\u00fcrtige Detmolderin gewinnt Excellence Award | Lokale Nachrichten aus Detmold"},"content":{"rendered":"<p id=\"absatz1\" class=\"em_text\">Bensheim\/Detmold. Die geb\u00fcrtige Detmolderin Sarah Jasmin Mehrtash hat beim Internationalen Speaker Slam in Wiesbaden-Niedernhausen das Publikum mit einer Rede \u00fcber pers\u00f6nliche Entwicklung und Motivation beeindruckt und mit dem Excellence Award ausgezeichnet.<\/p>\n<p id=\"absatz2\" class=\"em_text\">Vor 120 Teilnehmern und einem internationalen Publikum pr\u00e4sentierte die Unternehmerin nach eigenen Angaben ihren Blickwinkel auf das Spannungsfeld zwischen Erfolg und Erf\u00fcllung.<\/p>\n<p>16 Nationalit\u00e4ten auf zwei B\u00fchnen<\/p>\n<p id=\"absatz4\" class=\"em_text\">Der 7. Internationale Speaker Slam, der 16 Nationalit\u00e4ten auf zwei B\u00fchnen vereinte, bot eine Plattform f\u00fcr Redner, die ihre Botschaft in jeweils viermin\u00fctigen Speeches vermitteln. Eine Expertenjury, bestehend aus Medienexperte J\u00f6rg Rositzke, Ghostwriterin Mirjam Saeger, Scoutingexpertin Stephanie Pierre, Expertenportal-Josua Laufer und Germanys Next Speaker Star Katja Kaden, bewertete die Auftritte. Veranstalter waren Hermann Scherer, das Expertenportal und Germanys Next Speaker Star.<\/p>\n<p id=\"absatz5\" class=\"em_text\">Sarah Jasmin Mehrtash, die als Gesch\u00e4ftsf\u00fchrende Gesellschafterin der Media4Sales GmbH laut eigener Pressemitteilung \u00fcber umfangreiche Erfahrung verf\u00fcgt, stellte die These \u201eOhne Erfolg keine Erf\u00fcllung, doch wer erfolgreich ist, hat es oft schwer, erf\u00fcllt zu sein\u201c, in den Mittelpunkt ihrer Rede. Sie habe pers\u00f6nliche Erfahrungen und Erkenntnisse ihrer Karriere geteilt.<\/p>\n<p id=\"absatz6\" class=\"em_text\">\u201eDu bist nur erfolgreich und erf\u00fcllt, wenn Du auch bereit daf\u00fcr bist. H\u00f6re auf Dein Herz, dann wirst du automatisch den Erfolg und die Erf\u00fcllung haben\u201c, betonte Mehrtash in ihrer Rede. Sie ermutigte das Publikum, den eigenen Weg zu gehen und sich nicht von \u00e4u\u00dferen Erwartungen entmutigen zu lassen. <\/p>\n","protected":false},"excerpt":{"rendered":"Bensheim\/Detmold. Die geb\u00fcrtige Detmolderin Sarah Jasmin Mehrtash hat beim Internationalen Speaker Slam in Wiesbaden-Niedernhausen das Publikum mit einer&hellip;\n","protected":false},"author":2,"featured_media":184457,"comment_status":"","ping_status":"","sticky":false,"template":"","format":"standard","meta":{"footnotes":""},"categories":[1847],"tags":[3681,16796,3364,16397,29,61759,548,663,3934,30,13,2052,42406,9307,1613,14,15,61757,12,61755,61760,61756,4544,61758],"class_list":{"0":"post-184456","1":"post","2":"type-post","3":"status-publish","4":"format-standard","5":"has-post-thumbnail","7":"category-wiesbaden","8":"tag-auszeichnung","9":"tag-bensheim","10":"tag-de","11":"tag-detmold","12":"tag-deutschland","13":"tag-erfllung","14":"tag-eu","15":"tag-europa","16":"tag-europe","17":"tag-germany","18":"tag-headlines","19":"tag-hessen","20":"tag-label_050-m","21":"tag-label_foto","22":"tag-meta_userneeds_informieremich","23":"tag-nachrichten","24":"tag-news","25":"tag-sarah-jasmin-mehrtash","26":"tag-schlagzeilen","27":"tag-spannungsfeld","28":"tag-speaker-slam","29":"tag-star-katja","30":"tag-wiesbaden","31":"tag-wiesbaden-niedernhausen"},"share_on_mastodon":{"url":"https:\/\/pubeurope.com\/@de\/114670224295073386","error":""},"_links":{"self":[{"href":"https:\/\/www.europesays.com\/de\/wp-json\/wp\/v2\/posts\/184456","targetHints":{"allow":["GET"]}}],"collection":[{"href":"https:\/\/www.europesays.com\/de\/wp-json\/wp\/v2\/posts"}],"about":[{"href":"https:\/\/www.europesays.com\/de\/wp-json\/wp\/v2\/types\/post"}],"author":[{"embeddable":true,"href":"https:\/\/www.europesays.com\/de\/wp-json\/wp\/v2\/users\/2"}],"replies":[{"embeddable":true,"href":"https:\/\/www.europesays.com\/de\/wp-json\/wp\/v2\/comments?post=184456"}],"version-history":[{"count":0,"href":"https:\/\/www.europesays.com\/de\/wp-json\/wp\/v2\/posts\/184456\/revisions"}],"wp:featuredmedia":[{"embeddable":true,"href":"https:\/\/www.europesays.com\/de\/wp-json\/wp\/v2\/media\/184457"}],"wp:attachment":[{"href":"https:\/\/www.europesays.com\/de\/wp-json\/wp\/v2\/media?parent=184456"}],"wp:term":[{"taxonomy":"category","embeddable":true,"href":"https:\/\/www.europesays.com\/de\/wp-json\/wp\/v2\/categories?post=184456"},{"taxonomy":"post_tag","embeddable":true,"href":"https:\/\/www.europesays.com\/de\/wp-json\/wp\/v2\/tags?post=184456"}],"curies":[{"name":"wp","href":"https:\/\/api.w.org\/{rel}","templated":true}]}}