{"id":184611,"date":"2025-06-12T13:09:19","date_gmt":"2025-06-12T13:09:19","guid":{"rendered":"https:\/\/www.europesays.com\/de\/184611\/"},"modified":"2025-06-12T13:09:19","modified_gmt":"2025-06-12T13:09:19","slug":"brunchen-fuer-den-guten-zweck","status":"publish","type":"post","link":"https:\/\/www.europesays.com\/de\/184611\/","title":{"rendered":"Brunchen f\u00fcr den guten Zweck"},"content":{"rendered":"<p><a href=\"https:\/\/www.stiftungbuergerfuermuenster.de\/\" rel=\"noopener noreferrer nofollow\" target=\"_blank\">Ab kommender Woche Mittwoch (18.06.) k\u00f6nnt ihr euch f\u00fcr 55 Euro einen Tisch f\u00fcr acht Personen buchen (insgesamt gibt es 100 Tische) und am B\u00fcrgerbrunch teilnehmen.<\/a> Auf den mit Blumen geschm\u00fcckten Tischen vor dem Schloss gibt es Br\u00f6tchen und Obst, alles Weitere m\u00fcsst ihr euch selbst mitbringen. F\u00fcr wen Spenden gesammelt werden, hat uns Marc W\u00fcrfel-Elberg, der Projektleiter der Stiftung B\u00fcrger f\u00fcr M\u00fcnster, im ANTENNE M\u00dcNSTER-Interview gesagt:<\/p>\n<p>Der B\u00fcrgerbrunch findet bereits zum 16. Mal vor dem Schloss in M\u00fcnster statt. Seit 2009 kommen im September hunderte M\u00fcnsteraner:innen auf der Promenade unter den B\u00fcrgerb\u00e4umen vor dem Schloss zum gemeinsamen Fr\u00fchst\u00fcck zusammen. Die Gelder, die im Rahmen des B\u00fcrgerbrunchs gesammelt werden, kommen Kinder- und Jugendprojekten zu Gute. Insgesamt kamen in den vergangenen Jahren rund 84.700 Euro f\u00fcr 40 Projekte zusammen.<\/p>\n<p>F\u00fcr diese Projekte wird dieses Jahr Geld gesammelt<\/p>\n<p>Dieses Jahr wird f\u00fcr drei Projekte Geld gesammelt. Wenn ihr euch einen Tisch bucht, k\u00f6nnt ihr angeben, welchem Projekt die eigene Spende zugeordnet werden soll, ansonsten wird die Spende aufgeteilt. Zu den Projekten geh\u00f6rt <strong>F\u00fcr nierenkranke Kinder e.V.<\/strong>. Der Verein unterst\u00fctzt Kinder und Jugendliche, die an einer unheilbaren Nierenerkrankung leiden oder davon bedroht sind und auch deren Familien wird geholfen. Auch <strong>SEHT M\u00fcnster e.V.<\/strong> ist unter den drei Projekten. Der Verein begleitet Familien mit Kindern, Jugendlichen und Erwachsenen, die Entwicklungsbesonderheiten haben, zum Beispiel ADHS, Autismus, Lern- oder Wahrnehmungsst\u00f6rungen. Das dritte Projekt ist das <strong>Mentoren-Programm der Stiftung B\u00fcrger f\u00fcr M\u00fcnster<\/strong>. Studierende, Berufst\u00e4tige und Senior:innen begleiten 14- bis 16-j\u00e4hrige Sch\u00fcler:innen aus Realschulen und Gesamtschulen.<\/p>\n","protected":false},"excerpt":{"rendered":"Ab kommender Woche Mittwoch (18.06.) k\u00f6nnt ihr euch f\u00fcr 55 Euro einen Tisch f\u00fcr acht Personen buchen (insgesamt&hellip;\n","protected":false},"author":2,"featured_media":184612,"comment_status":"","ping_status":"","sticky":false,"template":"","format":"standard","meta":{"footnotes":""},"categories":[1843],"tags":[5677,61807,61806,28300,3364,29,30,8970,1209,13597],"class_list":{"0":"post-184611","1":"post","2":"type-post","3":"status-publish","4":"format-standard","5":"has-post-thumbnail","7":"category-muenster","8":"tag-munster","9":"tag-brgerbrunch","10":"tag-schloss-mnster","11":"tag-brunch","12":"tag-de","13":"tag-deutschland","14":"tag-germany","15":"tag-muenster","16":"tag-nordrhein-westfalen","17":"tag-schloss"},"share_on_mastodon":{"url":"https:\/\/pubeurope.com\/@de\/114670558509432800","error":""},"_links":{"self":[{"href":"https:\/\/www.europesays.com\/de\/wp-json\/wp\/v2\/posts\/184611","targetHints":{"allow":["GET"]}}],"collection":[{"href":"https:\/\/www.europesays.com\/de\/wp-json\/wp\/v2\/posts"}],"about":[{"href":"https:\/\/www.europesays.com\/de\/wp-json\/wp\/v2\/types\/post"}],"author":[{"embeddable":true,"href":"https:\/\/www.europesays.com\/de\/wp-json\/wp\/v2\/users\/2"}],"replies":[{"embeddable":true,"href":"https:\/\/www.europesays.com\/de\/wp-json\/wp\/v2\/comments?post=184611"}],"version-history":[{"count":0,"href":"https:\/\/www.europesays.com\/de\/wp-json\/wp\/v2\/posts\/184611\/revisions"}],"wp:featuredmedia":[{"embeddable":true,"href":"https:\/\/www.europesays.com\/de\/wp-json\/wp\/v2\/media\/184612"}],"wp:attachment":[{"href":"https:\/\/www.europesays.com\/de\/wp-json\/wp\/v2\/media?parent=184611"}],"wp:term":[{"taxonomy":"category","embeddable":true,"href":"https:\/\/www.europesays.com\/de\/wp-json\/wp\/v2\/categories?post=184611"},{"taxonomy":"post_tag","embeddable":true,"href":"https:\/\/www.europesays.com\/de\/wp-json\/wp\/v2\/tags?post=184611"}],"curies":[{"name":"wp","href":"https:\/\/api.w.org\/{rel}","templated":true}]}}