{"id":184999,"date":"2025-06-12T16:46:19","date_gmt":"2025-06-12T16:46:19","guid":{"rendered":"https:\/\/www.europesays.com\/de\/184999\/"},"modified":"2025-06-12T16:46:19","modified_gmt":"2025-06-12T16:46:19","slug":"autobahndreieck-neukoelln-am-wochenende-erneut-voll-gesperrt","status":"publish","type":"post","link":"https:\/\/www.europesays.com\/de\/184999\/","title":{"rendered":"Autobahndreieck Neuk\u00f6lln am Wochenende erneut voll gesperrt"},"content":{"rendered":"<p>Das Autobahndreieck Neuk\u00f6lln wird am kommenden Wochenende (13. bis 16.6.) erneut voll gesperrt. Das teilte die Verkehrsinformationszentrale (VIZ) Berlin mit. Grund sind demnach Arbeiten an der Verkehrstechnik sowie die Inbetriebnahme einer neuen Steuerzentrale.<\/p>\n<p>Bereits in den vergangenen Wochen wurde das Autobahndreieck deshalb mehrfach gesperrt, zun\u00e4chst war jedoch die Rede von <a href=\"https:\/\/www.rbb24.de\/panorama\/beitrag\/2025\/05\/autobahn-a100-dreieck-neukoelln-wochenende-sperrung.html\" rel=\"nofollow noopener\" target=\"_blank\">drei aufeinanderfolgenden Wochenenden.<\/a> Nun kommt noch ein weiteres hinzu.<\/p>\n<p>Die Sperrung dauert wie in den vergangenen Wochen von Freitagabend um 21:00 Uhr bis Montagmorgen um 6:00 Uhr an. Gesperrt werden die <a href=\"https:\/\/www.rbb24.de\/thema\/a100\/\" target=\"_blank\" rel=\"nofollow noopener\">A100-<\/a>Zufahrten Britzer Damm, Buschkrugallee (beide Seiten), Grenzallee, Sp\u00e4thstra\u00dfe (Richtung Autobahndreieck Neuk\u00f6lln), sowie die gesamte Richtungsfahrbahn Dresden. Der Verkehr wird zur Gradestra\u00dfe abgeleitet.<\/p>\n<p>Auf der A113 ist die Fahrbahn in Richtung des Autobahndreiecks gesperrt mit einer Ausleitung zur Sp\u00e4thstra\u00dfe.<\/p>\n<p>Zudem k\u00fcndigte die VIZ n\u00e4chtliche Sperrungen auf der A100 in der kommenden Woche an. Demnach werden im Auftrag der Autobahn GmbH Wartungs- und Instandhaltungsarbeiten durchgef\u00fchrt.<\/p>\n<p>Aus diesem Grund m\u00fcsse die A100 in Richtung Neuk\u00f6lln zwischen den Anschlussstellen Funkturm und Hohenzollerndamm in den N\u00e4chten von Montag auf Dienstag und Dienstag auf Mittwoch zwischen 21 Uhr und 5 Uhr gesperrt werden. Das Gleiche gilt f\u00fcr den Autobahnabschnitt Richtung Wedding zwischen Hohenzollerndamm und Spandauer Damm f\u00fcr die N\u00e4chste von Mittwoch auf Donnerstag und Donnerstag auf Freitag.<\/p>\n","protected":false},"excerpt":{"rendered":"Das Autobahndreieck Neuk\u00f6lln wird am kommenden Wochenende (13. bis 16.6.) erneut voll gesperrt. Das teilte die Verkehrsinformationszentrale (VIZ)&hellip;\n","protected":false},"author":2,"featured_media":185000,"comment_status":"","ping_status":"","sticky":false,"template":"","format":"standard","meta":{"footnotes":""},"categories":[1825],"tags":[1941,1939,296,1937,29,30,1940,1938],"class_list":{"0":"post-184999","1":"post","2":"type-post","3":"status-publish","4":"format-standard","5":"has-post-thumbnail","7":"category-berlin","8":"tag-aktuelle-nachrichten-aus-berlin","9":"tag-aktuelle-news-aus-berlin","10":"tag-berlin","11":"tag-berlin-news","12":"tag-deutschland","13":"tag-germany","14":"tag-nachrichten-aus-berlin","15":"tag-news-aus-berlin"},"share_on_mastodon":{"url":"https:\/\/pubeurope.com\/@de\/114671411813123262","error":""},"_links":{"self":[{"href":"https:\/\/www.europesays.com\/de\/wp-json\/wp\/v2\/posts\/184999","targetHints":{"allow":["GET"]}}],"collection":[{"href":"https:\/\/www.europesays.com\/de\/wp-json\/wp\/v2\/posts"}],"about":[{"href":"https:\/\/www.europesays.com\/de\/wp-json\/wp\/v2\/types\/post"}],"author":[{"embeddable":true,"href":"https:\/\/www.europesays.com\/de\/wp-json\/wp\/v2\/users\/2"}],"replies":[{"embeddable":true,"href":"https:\/\/www.europesays.com\/de\/wp-json\/wp\/v2\/comments?post=184999"}],"version-history":[{"count":0,"href":"https:\/\/www.europesays.com\/de\/wp-json\/wp\/v2\/posts\/184999\/revisions"}],"wp:featuredmedia":[{"embeddable":true,"href":"https:\/\/www.europesays.com\/de\/wp-json\/wp\/v2\/media\/185000"}],"wp:attachment":[{"href":"https:\/\/www.europesays.com\/de\/wp-json\/wp\/v2\/media?parent=184999"}],"wp:term":[{"taxonomy":"category","embeddable":true,"href":"https:\/\/www.europesays.com\/de\/wp-json\/wp\/v2\/categories?post=184999"},{"taxonomy":"post_tag","embeddable":true,"href":"https:\/\/www.europesays.com\/de\/wp-json\/wp\/v2\/tags?post=184999"}],"curies":[{"name":"wp","href":"https:\/\/api.w.org\/{rel}","templated":true}]}}