{"id":18515,"date":"2025-04-09T14:59:15","date_gmt":"2025-04-09T14:59:15","guid":{"rendered":"https:\/\/www.europesays.com\/de\/18515\/"},"modified":"2025-04-09T14:59:15","modified_gmt":"2025-04-09T14:59:15","slug":"warum-diese-skulpturen-am-ufer-der-mueritz-verschwunden-sind","status":"publish","type":"post","link":"https:\/\/www.europesays.com\/de\/18515\/","title":{"rendered":"Warum diese Skulpturen am Ufer der M\u00fcritz verschwunden sind"},"content":{"rendered":"<p class=\"paragraph tw-mx-auto tw-mb-6\">Zwei markante Figuren <a data-li-document-ref=\"2593072\" href=\"https:\/\/www.nordkurier.de\/regional\/mueritz\/plattenweg-an-der-mueritz-promenade-wird-im-juni-repariert-2593072\" rel=\"nofollow noopener\" target=\"_blank\">an der Uferpromenade in Waren<\/a> fehlen derzeit und so manch Warener fragt sich: Was ist passiert? Der Holzadler am <a data-li-document-ref=\"1883532\" href=\"https:\/\/www.nordkurier.de\/regional\/mueritz\/so-koennte-sich-die-hafenpromenade-an-der-mueritz-veraendern-1883532\" rel=\"nofollow noopener\" target=\"_blank\">Ufer der M\u00fcritz zwischen Steinmole und Hafen<\/a> ist nicht an seinem gewohnten Platz. Auf ihm sind Kinder gerne gerutscht und er eignete sich als Fotomotiv. Auch die Bronzeskulptur von einem Hasen und Fuchs \u201eL\u00fctt Matten de Has\u201c ganz in der N\u00e4he des Adlers ist verschwunden.<\/p>\n<p>R\u00fcckkehr der Figuren noch unklar<\/p>\n<p class=\"paragraph tw-mx-auto tw-mb-6\">\u201eDer Holzadler wird aktuell \u00fcberarbeitet\u201c, teilt Stadtsprecherin Stefanie Schabbel auf Nachfrage mit. Die Bronzefigur\u00a0\u201eL\u00fctt Matten de Has\u201c\u00a0<a data-li-document-ref=\"1207854\" href=\"https:\/\/www.nordkurier.de\/regional\/mueritz\/bildhauer-walther-preik-in-waren-gestorben-1207854\" rel=\"nofollow noopener\" target=\"_blank\">des bereits verstorbenen Warener Bildhauers Walther Preik<\/a>\u00a0sei nach einer Besch\u00e4digung im letzten Jahr bei den S\u00f6hnen des K\u00fcnstlers untergebracht worden. Dort soll sie wieder repariert werden. Wann die Figuren wieder aufgestellt werden, lie\u00df die Stadt offen.<\/p>\n<p><img decoding=\"async\" src=\"https:\/\/www.europesays.com\/de\/wp-content\/uploads\/2025\/04\/4adad9a0-efae-4e54-ae76-307fb781d34c.jpeg\" loading=\"lazy\" alt=\"Wo normalerweise ein gro\u00dfer Holzadler steht, sind aktuell nur Z\u00e4une und der Sockel zu sehen.\"\/><\/p>\n<p>Wo normalerweise ein gro\u00dfer Holzadler steht, sind aktuell nur Z\u00e4une und der Sockel zu sehen. (Foto: Simon Krenge)<\/p>\n","protected":false},"excerpt":{"rendered":"Zwei markante Figuren an der Uferpromenade in Waren fehlen derzeit und so manch Warener fragt sich: Was ist&hellip;\n","protected":false},"author":2,"featured_media":18516,"comment_status":"","ping_status":"","sticky":false,"template":"","format":"standard","meta":{"footnotes":""},"categories":[1775],"tags":[3978,1793,29,214,5595,30,693,11840,1794,11837,11839,11838,7969,215,5630],"class_list":{"0":"post-18515","1":"post","2":"type-post","3":"status-publish","4":"format-standard","5":"has-post-thumbnail","7":"category-kunst-und-design","8":"tag-adler","9":"tag-art-and-design","10":"tag-deutschland","11":"tag-entertainment","12":"tag-fuchs","13":"tag-germany","14":"tag-hafen","15":"tag-hase","16":"tag-kunst-und-design","17":"tag-mueritz","18":"tag-promenade","19":"tag-skulptur","20":"tag-ufer","21":"tag-unterhaltung","22":"tag-waren"},"share_on_mastodon":{"url":"https:\/\/pubeurope.com\/@de\/114308603374692753","error":""},"_links":{"self":[{"href":"https:\/\/www.europesays.com\/de\/wp-json\/wp\/v2\/posts\/18515","targetHints":{"allow":["GET"]}}],"collection":[{"href":"https:\/\/www.europesays.com\/de\/wp-json\/wp\/v2\/posts"}],"about":[{"href":"https:\/\/www.europesays.com\/de\/wp-json\/wp\/v2\/types\/post"}],"author":[{"embeddable":true,"href":"https:\/\/www.europesays.com\/de\/wp-json\/wp\/v2\/users\/2"}],"replies":[{"embeddable":true,"href":"https:\/\/www.europesays.com\/de\/wp-json\/wp\/v2\/comments?post=18515"}],"version-history":[{"count":0,"href":"https:\/\/www.europesays.com\/de\/wp-json\/wp\/v2\/posts\/18515\/revisions"}],"wp:featuredmedia":[{"embeddable":true,"href":"https:\/\/www.europesays.com\/de\/wp-json\/wp\/v2\/media\/18516"}],"wp:attachment":[{"href":"https:\/\/www.europesays.com\/de\/wp-json\/wp\/v2\/media?parent=18515"}],"wp:term":[{"taxonomy":"category","embeddable":true,"href":"https:\/\/www.europesays.com\/de\/wp-json\/wp\/v2\/categories?post=18515"},{"taxonomy":"post_tag","embeddable":true,"href":"https:\/\/www.europesays.com\/de\/wp-json\/wp\/v2\/tags?post=18515"}],"curies":[{"name":"wp","href":"https:\/\/api.w.org\/{rel}","templated":true}]}}