{"id":185399,"date":"2025-06-12T20:29:10","date_gmt":"2025-06-12T20:29:10","guid":{"rendered":"https:\/\/www.europesays.com\/de\/185399\/"},"modified":"2025-06-12T20:29:10","modified_gmt":"2025-06-12T20:29:10","slug":"hund-alfi-lebte-fast-ganzes-leben-im-tierheim-nun-ist-er-tot","status":"publish","type":"post","link":"https:\/\/www.europesays.com\/de\/185399\/","title":{"rendered":"Hund Alfi lebte fast ganzes Leben im Tierheim \u2013 nun ist er tot"},"content":{"rendered":"<p>Riesige Anteilnahme in der Region <\/p>\n<p>Alfi lebte fast sein ganzes Leben im Tierheim: Nun ist er tot<\/p>\n<p>12.06.2025 &#8211; 22:04 UhrLesedauer: 2 Min.<\/p>\n<p><a href=\"#focus-0\" class=\"transition-colors duration-200 focus-within:text-magenta block text-current relative\" data-sctrack=\"FocusGalleryImage.Reference\"><img fetchpriority=\"high\" data-testid=\"Opener.Image\" style=\"--lqipURL:url('https:\/\/images.t-online.de\/2025\/06\/DRysjdSUi3iq\/349x136:764x429\/fit-in\/150x0\/filters:blur(25)\/alfi-auf-einem-foto-des-tierheims-tausende-trauerten-um-den-hund.jpg')\"   loading=\"eager\" src=\"https:\/\/www.europesays.com\/de\/wp-content\/uploads\/2025\/06\/alfi-auf-einem-foto-des-tierheims-tausende-trauerten-um-den-hund.jpg\" alt=\"Alfi auf einem Foto des Tierheims: Tausende trauerten um den Hund.\" title=\"Alfi auf einem Foto des Tierheims: Tausende trauerten um den Hund.\" width=\"764\" height=\"429\" class=\"bg-[url:var(--lqipURL)] bg-cover bg-center flex w-full max-w-full h-full\" decoding=\"async\"\/><img style=\"--width:32;--height:32\" loading=\"lazy\" src=\"https:\/\/www.t-online.de\/s\/paper\/_next\/static\/media\/zoom-in.f7dae02f.svg\" alt=\"Vergr\u00f6\u00dfern des Bildes\" title=\"Vergr\u00f6\u00dfern des Bildes\" class=\"&#10;        block&#10;        h-[calc(var(--height)_\/_16_*_1rem)]&#10;        w-[calc(var(--width)_\/_16_*_1rem)]&#10;        max-w-none&#10;        absolute bottom-8 right-8 rounded-4 bg-snow p-8\" decoding=\"async\"\/><\/a><\/p>\n<p>Alfi auf einem Foto des Tierheims: Tausende trauerten um den Hund. (Quelle: Tierheim N\u00fcrnberg)<\/p>\n<p class=\"font-bold text-18 leading-17\">Ein schwarzer Tag f\u00fcr das Tierheim N\u00fcrnberg: Nach sechs Jahren musste Alfi eingeschl\u00e4fert werden. Die Geschichte seines Leidens begann mit einer Kette im Garten.<\/p>\n<p class=\"text-18 leading-17\">Das Tierheim <a class=\"transition-colors duration-200 cursor-pointer text-inherit no-underline text-salemsfur md:hover:text-magenta md:hover:border-magenta md:focus:text-magenta border-current border-b border-solid break-words\" href=\"https:\/\/www.t-online.de\/region\/nuernberg\/\" data-sctrack=\"BodyAnchor\" target=\"_blank\" rel=\"noopener\">N\u00fcrnberg<\/a> trauert um seinen l\u00e4ngsten Bewohner. Der Hund Alfi musste am Donnerstag nach fast sechs Jahren im Heim eingeschl\u00e4fert werden \u2013 also nach seinem fast kompletten Leben. Alfis Lebensgeschichte begann tragisch: Seine ersten Lebensmonate verbrachte er angekettet in einem Garten, bevor er ins N\u00fcrnberger Tierheim kam.<\/p>\n<p class=\"text-18 leading-17\">Dort fand er jedoch ein neues Zuhause: Den Tag durfte er in den Ausl\u00e4ufen des Tierheims verbringen, meist gemeinsam mit seinem Hundefreund Bozo, wie es in dem Beitrag des Tierheims hei\u00dft. Besondere Momente erlebte Alfi bei Ausfl\u00fcgen mit seiner Lieblingspflegerin und Bezugsperson Tina. &#8222;Alfi mochte nicht jeden, aber er hatte seine festen Bezugspersonen und Gassigeher&#8220;, schreibt das Tierheim in einem Facebook-Post.<\/p>\n<p class=\"text-18 leading-17\">Eine Unterst\u00fctzerin erm\u00f6glichte Alfi eine Operation seines gebrochenen Ellenbogens. Doch der Eingriff brachte nicht den erhofften Erfolg. Der Ellenbogen brach erneut, Alfis Zustand verschlechterte sich dramatisch. Seine Pflegerin musste schlie\u00dflich &#8222;die allerschwerste Entscheidung in seinem Sinne treffen und ihn \u00fcber die Regenbogenbr\u00fccke gehen lassen&#8220;, wie das Tierheim mitteilt.<\/p>\n<p class=\"text-18 leading-17\">In ihrem Abschied schreibt das Team: &#8222;Lieber Alfi, wir hoffen dort, wo du jetzt bist, hast du keine Schmerzen mehr, ein tolles Grundst\u00fcck zum Aufpassen und ganz viel Futter, was ganz dir alleine geh\u00f6rt! Wir werden dich nicht vergessen!&#8220;<\/p>\n<p class=\"text-18 leading-17\">Der Beitrag vom Donnerstagabend erfuhr innerhalb von kurzer Zeit eine Welle von Reaktionen: Gegen 22 Uhr hatten bereits rund 4.000 Menschen auf den Post des Tierheims reagiert, viele Facebook-Nutzer dr\u00fcckten auch in den Kommentaren ihre Betroffenheit aus.<\/p>\n<p class=\"text-18 leading-17\">Eine Facebook-Nutzerin erinnerte sich an ihre pers\u00f6nlichen Erlebnisse mit Alfi: &#8222;Als die Kinder mit ihm Gassi gingen, das war mir damals teilweise schon nicht geheuer. Niemals h\u00e4tte ich gedacht, dass er sein ganzes Leben im Tierheim verbringen muss.&#8220;<\/p>\n<p class=\"text-18 leading-17\">Ein weiterer Nutzer schrieb \u00fcber Alfi: &#8222;Leider hat es f\u00fcr ein passendes Zuhause nie gereicht, aber ich bin mir sicher, dass er wusste, dass er von euch geliebt wurde!&#8220;<\/p>\n","protected":false},"excerpt":{"rendered":"Riesige Anteilnahme in der Region Alfi lebte fast sein ganzes Leben im Tierheim: Nun ist er tot 12.06.2025&hellip;\n","protected":false},"author":2,"featured_media":185400,"comment_status":"","ping_status":"","sticky":false,"template":"","format":"standard","meta":{"footnotes":""},"categories":[1837],"tags":[3176,45249,772,3364,29,291,30,604,3783,2486],"class_list":{"0":"post-185399","1":"post","2":"type-post","3":"status-publish","4":"format-standard","5":"has-post-thumbnail","7":"category-nuernberg","8":"tag-3176","9":"tag-anteilnahme","10":"tag-bayern","11":"tag-de","12":"tag-deutschland","13":"tag-facebook","14":"tag-germany","15":"tag-hund","16":"tag-nuernberg","17":"tag-tierheim"},"share_on_mastodon":{"url":"https:\/\/pubeurope.com\/@de\/114672288679313332","error":""},"_links":{"self":[{"href":"https:\/\/www.europesays.com\/de\/wp-json\/wp\/v2\/posts\/185399","targetHints":{"allow":["GET"]}}],"collection":[{"href":"https:\/\/www.europesays.com\/de\/wp-json\/wp\/v2\/posts"}],"about":[{"href":"https:\/\/www.europesays.com\/de\/wp-json\/wp\/v2\/types\/post"}],"author":[{"embeddable":true,"href":"https:\/\/www.europesays.com\/de\/wp-json\/wp\/v2\/users\/2"}],"replies":[{"embeddable":true,"href":"https:\/\/www.europesays.com\/de\/wp-json\/wp\/v2\/comments?post=185399"}],"version-history":[{"count":0,"href":"https:\/\/www.europesays.com\/de\/wp-json\/wp\/v2\/posts\/185399\/revisions"}],"wp:featuredmedia":[{"embeddable":true,"href":"https:\/\/www.europesays.com\/de\/wp-json\/wp\/v2\/media\/185400"}],"wp:attachment":[{"href":"https:\/\/www.europesays.com\/de\/wp-json\/wp\/v2\/media?parent=185399"}],"wp:term":[{"taxonomy":"category","embeddable":true,"href":"https:\/\/www.europesays.com\/de\/wp-json\/wp\/v2\/categories?post=185399"},{"taxonomy":"post_tag","embeddable":true,"href":"https:\/\/www.europesays.com\/de\/wp-json\/wp\/v2\/tags?post=185399"}],"curies":[{"name":"wp","href":"https:\/\/api.w.org\/{rel}","templated":true}]}}