{"id":185421,"date":"2025-06-12T20:41:16","date_gmt":"2025-06-12T20:41:16","guid":{"rendered":"https:\/\/www.europesays.com\/de\/185421\/"},"modified":"2025-06-12T20:41:16","modified_gmt":"2025-06-12T20:41:16","slug":"djk-jahnschar-mudersbach-beeindruckt-beim-deutschen-turnfest-in-leipzig","status":"publish","type":"post","link":"https:\/\/www.europesays.com\/de\/185421\/","title":{"rendered":"DJK Jahnschar Mudersbach beeindruckt beim Deutschen Turnfest in Leipzig"},"content":{"rendered":"<p class=\"rubric-datestamp\">Pressemitteilung vom 12.06.2025 \u00a0\u00a0\u00a0 <a href=\"https:\/\/www.ak-kurier.de\/akkurier\/www\/newsprint.php?nid=157312\" target=\"_new\" rel=\"noopener\"><img decoding=\"async\" src=\"https:\/\/www.europesays.com\/de\/wp-content\/uploads\/2025\/04\/print.gif\" border=\"0\" title=\"Artikel drucken\"\/><\/a><\/p>\n<p class=\"sdescript\">&#13;<br \/>\n\t\t\t\t\t\t\t\tDie DJK Jahnschar Mudersbach reiste mit einer Rekordzahl von Teilnehmern zum Deutschen Turnfest 2025 nach Leipzig. Die Sportler erlebten eine Woche voller sportlicher H\u00f6hepunkte und gemeinschaftlicher Erlebnisse.<\/p>\n<p>\t\t\t\t&#13;<br \/>\n                                    <a href=\"https:\/\/www.ak-kurier.de\/akkurier\/www\/artikelbild\/157312-djk-jahnschar-mudersbach-beeindruckt-beim-deutschen-turnfest-in-leipzig\" target=\"_blank\" rel=\"noopener\">&#13;<br \/>\n\t\t\t\t\t\t\t\t\t&#13;<br \/>\n\t\t\t\t\t\t\t\t\t\t\t\t\t<img decoding=\"async\" class=\"lazy\" src=\"https:\/\/www.europesays.com\/de\/wp-content\/uploads\/2025\/06\/Jahnschar_120625.jpg\" alt=\"\"\/>&#13;<br \/>\n\t\t\t\t\t\t\t\t\t\t\t\t\t\t\t\t\t\t<\/a>&#13;<br \/>\n                                    Foto: DJK Jahnschar Mudersbach e.V.&#13;<\/p>\n<p class=\"rubric-textblock\">Mudersbach. Mit insgesamt knapp 30 Aktiven, darunter 18 Leichtathleten, f\u00fcnf Volleyballer und f\u00fcnf Turnerinnen, nahm die DJK Jahnschar Mudersbach am Internationalen Deutschen Turnfest 2025 in Leipzig teil. Die Gruppe war rund um den Auensee untergebracht &#8211; entweder in Blockh\u00fctten auf einem Campingplatz oder in einer Turnhalle der Grundschule Auensee. Die \u00dcbernachtung auf Matten und in Blockh\u00fctten sowie das gemeinsame Fr\u00fchst\u00fcck und die abendlichen Runden st\u00e4rkten das Gemeinschaftsgef\u00fchl.<\/p>\n<p>Sportlich waren die Teilnehmer der DJK in verschiedenen Wahlwettk\u00e4mpfen, Turnfestl\u00e4ufen und Turnieren aktiv und erzielten beachtliche Leistungen. Die Besuche der Turn-Europameisterschaften, der Turnfest-Gala und der Stadiongala z\u00e4hlten zu den besonderen Highlights des Aufenthalts. Leipzig hie\u00df die rund 80.000 Aktiven herzlich willkommen. Die Begeisterung an den Wettkampfst\u00e4tten war gro\u00df und machte das Turnfest zu einem unvergesslichen Erlebnis f\u00fcr alle Beteiligten.\t\t\t\t\t<\/p>\n<p class=\"rubric-textblock\">&#13;<br \/>\n\t\t\t\t\t&#13;<br \/>\nZus\u00e4tzlich bot das Turnfest zahlreiche Mitmachangebote, Shows und Begegnungen mit Turnbegeisterten aus ganz Deutschland. F\u00fcr die DJK Jahnschar Mudersbach war es eine erfolgreiche Veranstaltung, gepr\u00e4gt von Gemeinschaft, Sport und vielen sch\u00f6nen Momenten. (PM\/Red)<\/p>\n<p class=\"rubric-textblock\">&#13;<br \/>\n&#13;<br \/>\n\t\t\t\t\t\t\t\t&#13;<br \/>\n\t\t\t\t Mehr dazu:\u00a0\u00a0 &#13;<br \/>\n\t\t\t\t\t\t\t\t <a href=\"https:\/\/www.ak-kurier.de\/akkurier\/www\/thema\/sport\" target=\"_blank\" rel=\"noopener\">Sport<\/a>\u00a0\u00a0&#13;<br \/>\n\t\t\t\t\t\t\t\t<br \/>&#13;<br \/>\n\t\t\t\t\t\t\t\t&#13;<br \/>\n\t\t\t\t&#13;<br \/>\n&#13;<br \/>\n\t\t\t\t\t\t\t&#13;<br \/>\n\t\t\t\t\tLokales:\u00a0<a href=\"https:\/\/www.ak-kurier.de\/akkurier\/www\/lokalausgabe\/15-kirchen\" target=\"_blank\" rel=\"noopener\">Kirchen &amp; Umgebung<\/a><br \/>&#13;<br \/>\n\t\t\t\t\t&#13;<br \/>\n\t\t\t   Feedback:\u00a0<a href=\"https:\/\/easy-feedback.de\/mitteilung\/1781508\/U2n2Hq\/?CMSID=157312\" target=\"_blank\" rel=\"noopener\">Hinweise an die Redaktion<\/a>&#13;\n\t\t\t   \t\t\t   <\/p>\n","protected":false},"excerpt":{"rendered":"Pressemitteilung vom 12.06.2025 \u00a0\u00a0\u00a0 &#13; Die DJK Jahnschar Mudersbach reiste mit einer Rekordzahl von Teilnehmern zum Deutschen Turnfest&hellip;\n","protected":false},"author":2,"featured_media":185422,"comment_status":"","ping_status":"","sticky":false,"template":"","format":"standard","meta":{"footnotes":""},"categories":[1832],"tags":[9193,590,3364,29,30,9194,9192,71,14,15,5399,859,591],"class_list":{"0":"post-185421","1":"post","2":"type-post","3":"status-publish","4":"format-standard","5":"has-post-thumbnail","7":"category-leipzig","8":"tag-ak-kurier","9":"tag-aktuell","10":"tag-de","11":"tag-deutschland","12":"tag-germany","13":"tag-internetzeitung","14":"tag-kreis-altenkirchen","15":"tag-leipzig","16":"tag-nachrichten","17":"tag-news","18":"tag-region","19":"tag-sachsen","20":"tag-wissen"},"share_on_mastodon":{"url":"https:\/\/pubeurope.com\/@de\/114672335953030104","error":""},"_links":{"self":[{"href":"https:\/\/www.europesays.com\/de\/wp-json\/wp\/v2\/posts\/185421","targetHints":{"allow":["GET"]}}],"collection":[{"href":"https:\/\/www.europesays.com\/de\/wp-json\/wp\/v2\/posts"}],"about":[{"href":"https:\/\/www.europesays.com\/de\/wp-json\/wp\/v2\/types\/post"}],"author":[{"embeddable":true,"href":"https:\/\/www.europesays.com\/de\/wp-json\/wp\/v2\/users\/2"}],"replies":[{"embeddable":true,"href":"https:\/\/www.europesays.com\/de\/wp-json\/wp\/v2\/comments?post=185421"}],"version-history":[{"count":0,"href":"https:\/\/www.europesays.com\/de\/wp-json\/wp\/v2\/posts\/185421\/revisions"}],"wp:featuredmedia":[{"embeddable":true,"href":"https:\/\/www.europesays.com\/de\/wp-json\/wp\/v2\/media\/185422"}],"wp:attachment":[{"href":"https:\/\/www.europesays.com\/de\/wp-json\/wp\/v2\/media?parent=185421"}],"wp:term":[{"taxonomy":"category","embeddable":true,"href":"https:\/\/www.europesays.com\/de\/wp-json\/wp\/v2\/categories?post=185421"},{"taxonomy":"post_tag","embeddable":true,"href":"https:\/\/www.europesays.com\/de\/wp-json\/wp\/v2\/tags?post=185421"}],"curies":[{"name":"wp","href":"https:\/\/api.w.org\/{rel}","templated":true}]}}